{"id":159423,"date":"2025-11-21T00:17:10","date_gmt":"2025-11-21T00:17:10","guid":{"rendered":"https:\/\/www.europesays.com\/pt\/159423\/"},"modified":"2025-11-21T00:17:10","modified_gmt":"2025-11-21T00:17:10","slug":"varandas-rui-costa-villas-boas-e-salvador-reunem-se-com-proenca","status":"publish","type":"post","link":"https:\/\/www.europesays.com\/pt\/159423\/","title":{"rendered":"Varandas, Rui Costa, Villas-Boas e Salvador re\u00fanem-se com Proen\u00e7a"},"content":{"rendered":"<p>Pedro Proen\u00e7a, presidente da Federa\u00e7\u00e3o Portuguesa de Futebol, recebe esta sexta-feira Frederico Varandas, Rui Costa, Andr\u00e9 Villas-Boas e Ant\u00f3nio Salvador na Cidade do Futebol, para uma reuni\u00e3o pedida pelos clubes.<\/p>\n<p>Em cima da mesa v\u00e3o estar v\u00e1rios temas de interesse para o futebol portugu\u00eas, como a arbitragem, os quadros competitivos, a carga fiscal sobre o futebol, os custos com seguros e policiamento, entre outros.<\/p>\n<p>No entanto, e acima de tudo, os quatro grandes querem falar com Proen\u00e7a sobre a distribui\u00e7\u00e3o dos dinheiro das apostas desportivas, particularmente a receita dos jogos de futebol internacional.<\/p>\n<p>Recorde-se que, como <strong><a href=\"https:\/\/maisfutebol.iol.pt\/reinaldo-teixeira\/entrevista\/apostas-desportivas-tenho-a-certeza-que-proenca-vai-cumprir-a-promessa-feita\" rel=\"nofollow noopener\" target=\"_blank\">Reinaldo Teixeira referiu numa entrevista ao Maisfutebol<\/a><\/strong>, Pedro Proen\u00e7a sempre lutou para que a receita proveniente de apostas online feitas com jogos internacionais passasse para a Liga Portugal, e n\u00e3o ficasse na Federa\u00e7\u00e3o como ent\u00e3o acontecia.<\/p>\n<p>Mais do que isso, o presidente da FPF durante a campanha eleitoral garantiu que era isso mesmo que iria acontecer quando entrasse na Cidade do Futebol. O que \u00e9 certo \u00e9 que at\u00e9 agora nada foi feito e os clubes querem perceber porqu\u00ea.<\/p>\n<p>Apesar de ser um tema que lhe interessa, e segundo foi poss\u00edvel saber, Reinaldo Teixeira n\u00e3o vai estar no encontro. O presidente da Liga tem tido ao longo dos \u00faltimos tempos v\u00e1rias conversas nesse sentido, pelo que prefere desta vez n\u00e3o se intrometer.<\/p>\n","protected":false},"excerpt":{"rendered":"Pedro Proen\u00e7a, presidente da Federa\u00e7\u00e3o Portuguesa de Futebol, recebe esta sexta-feira Frederico Varandas, Rui Costa, Andr\u00e9 Villas-Boas e&hellip;\n","protected":false},"author":2,"featured_media":159424,"comment_status":"","ping_status":"","sticky":false,"template":"","format":"standard","meta":{"footnotes":""},"categories":[87],"tags":[3073,19562,51,5744,135,282,1664,36,46,5561,32,33979,33,47,6618,6058,4175,1233,34,134,16321,3042],"class_list":{"0":"post-159423","1":"post","2":"type-post","3":"status-publish","4":"format-standard","5":"has-post-thumbnail","7":"category-desporto","8":"tag-andre-villas-boas","9":"tag-antonio-salvador","10":"tag-benfica","11":"tag-cidade-do-futebol","12":"tag-desporto","13":"tag-fc-porto","14":"tag-frederico-varandas","15":"tag-liga","16":"tag-maisfutebol","17":"tag-pedro-proenca","18":"tag-portugal","19":"tag-proenca","20":"tag-pt","21":"tag-pura-paixao","22":"tag-reuniao","23":"tag-rui-costa","24":"tag-salvador","25":"tag-sp-braga","26":"tag-sporting","27":"tag-sports","28":"tag-varandas","29":"tag-villas-boas"},"share_on_mastodon":{"url":"https:\/\/pubeurope.com\/@pt\/115584817312039286","error":""},"_links":{"self":[{"href":"https:\/\/www.europesays.com\/pt\/wp-json\/wp\/v2\/posts\/159423","targetHints":{"allow":["GET"]}}],"collection":[{"href":"https:\/\/www.europesays.com\/pt\/wp-json\/wp\/v2\/posts"}],"about":[{"href":"https:\/\/www.europesays.com\/pt\/wp-json\/wp\/v2\/types\/post"}],"author":[{"embeddable":true,"href":"https:\/\/www.europesays.com\/pt\/wp-json\/wp\/v2\/users\/2"}],"replies":[{"embeddable":true,"href":"https:\/\/www.europesays.com\/pt\/wp-json\/wp\/v2\/comments?post=159423"}],"version-history":[{"count":0,"href":"https:\/\/www.europesays.com\/pt\/wp-json\/wp\/v2\/posts\/159423\/revisions"}],"wp:featuredmedia":[{"embeddable":true,"href":"https:\/\/www.europesays.com\/pt\/wp-json\/wp\/v2\/media\/159424"}],"wp:attachment":[{"href":"https:\/\/www.europesays.com\/pt\/wp-json\/wp\/v2\/media?parent=159423"}],"wp:term":[{"taxonomy":"category","embeddable":true,"href":"https:\/\/www.europesays.com\/pt\/wp-json\/wp\/v2\/categories?post=159423"},{"taxonomy":"post_tag","embeddable":true,"href":"https:\/\/www.europesays.com\/pt\/wp-json\/wp\/v2\/tags?post=159423"}],"curies":[{"name":"wp","href":"https:\/\/api.w.org\/{rel}","templated":true}]}}