{"id":159425,"date":"2025-11-21T00:18:10","date_gmt":"2025-11-21T00:18:10","guid":{"rendered":"https:\/\/www.europesays.com\/pt\/159425\/"},"modified":"2025-11-21T00:18:10","modified_gmt":"2025-11-21T00:18:10","slug":"vacina-do-hpv-pode-reduzir-em-ate-86-o-risco-de-cancer-cervical-aponta-especialista","status":"publish","type":"post","link":"https:\/\/www.europesays.com\/pt\/159425\/","title":{"rendered":"Vacina do HPV pode reduzir em at\u00e9 86% o risco de c\u00e2ncer cervical, aponta especialista"},"content":{"rendered":"<p>A vacina contra o HPV \u00e9 considerada uma das mais eficazes medidas de preven\u00e7\u00e3o em sa\u00fade p\u00fablica, mas ainda enfrenta resist\u00eancia entre fam\u00edlias e adolescentes. Segundo o Dr. Martim Elviro, m\u00e9dico da fam\u00edlia e professor do curso de Medicina da Faculdade Santa Marcelina, essa resist\u00eancia est\u00e1 ligada principalmente \u00e0 desinforma\u00e7\u00e3o e a tabus culturais. \u201cMuitos pais ainda associam a vacina\u00e7\u00e3o \u00e0 inicia\u00e7\u00e3o precoce da vida sexual dos adolescentes, quando, na realidade, trata-se de uma medida preventiva para proteger contra v\u00edrus altamente perigosos. Al\u00e9m disso, circulam mitos sobre efeitos colaterais graves, o que n\u00e3o se confirma nos estudos cl\u00ednicos\u201d,\u00a0diz.\u00a0<\/p>\n<p>O Papilomav\u00edrus Humano (HPV) \u00e9 um dos v\u00edrus sexualmente transmiss\u00edveis mais comuns do mundo e est\u00e1 associado a cerca de 620 mil novos casos de c\u00e2ncer em mulheres e 70 mil em homens por ano, segundo a Organiza\u00e7\u00e3o Mundial da Sa\u00fade (OMS). No Brasil, o c\u00e2ncer do colo do \u00fatero,\u00a0doen\u00e7a diretamente ligada ao HPV,\u00a0\u00e9 respons\u00e1vel por mais de 16 mil novos casos e aproximadamente 6 mil mortes anuais. Apesar disso, cren\u00e7as equivocadas dificultam a ades\u00e3o, como a ideia de que apenas meninas precisam se vacinar, o medo de efeitos colaterais graves e a percep\u00e7\u00e3o de que o HPV n\u00e3o representa risco relevante.\u00a0<\/p>\n<p>De acordo com o Dr. Elviro, os benef\u00edcios da vacina s\u00e3o amplamente comprovados. A imuniza\u00e7\u00e3o protege contra os principais tipos de HPV respons\u00e1veis pela maioria dos c\u00e2nceres de colo do \u00fatero, vulva, vagina, p\u00eanis, \u00e2nus e orofaringe, al\u00e9m de prevenir verrugas genitais. Quando aplicada ainda na adolesc\u00eancia, reduz em at\u00e9 86% o risco de c\u00e2ncer cervical nas mulheres vacinadas antes dos 20 anos, segundo estudos internacionais. \u201cEstamos falando de uma vacina que salva vidas. Em pa\u00edses com alta cobertura, como Austr\u00e1lia e Reino Unido, j\u00e1 se observa queda expressiva nos casos de c\u00e2ncer de colo do \u00fatero. Isso mostra o impacto concreto que podemos alcan\u00e7ar tamb\u00e9m no Brasil se aumentarmos a ades\u00e3o\u201d, refor\u00e7a o m\u00e9dico.\u00a0<\/p>\n<p>Mesmo oferecida gratuitamente pelo Sistema \u00danico de Sa\u00fade (SUS) para meninas e meninos de 9 a 14 anos, a cobertura vacinal no Brasil ainda est\u00e1 aqu\u00e9m do ideal. Em 2019, apenas 49,6% dos adolescentes estavam totalmente vacinados, enquanto pa\u00edses vizinhos como M\u00e9xico e Peru superam 90% de ades\u00e3o. Para o especialista, o desafio \u00e9 de comunica\u00e7\u00e3o. \u201cM\u00e9dicos, escolas e fam\u00edlias precisam caminhar juntos para derrubar mitos e mostrar que a vacina n\u00e3o \u00e9 uma escolha sobre o presente, mas um cuidado com o futuro da sa\u00fade dos nossos jovens.\u201d\u00a0<\/p>\n<p>\u00a0<\/p>\n<p>Ele destaca que a confian\u00e7a nasce do di\u00e1logo claro e acess\u00edvel. Quando a escola promove palestras educativas, quando o m\u00e9dico apresenta dados embasados e quando a fam\u00edlia participa ativamente, o adolescente compreende que a vacina n\u00e3o \u00e9 apenas uma inje\u00e7\u00e3o a mais, mas um\u00a0investimento em qualidade de vida. A experi\u00eancia internacional refor\u00e7a essa vis\u00e3o: regi\u00f5es com alta cobertura vacinal j\u00e1 registram redu\u00e7\u00f5es expressivas nos casos e mortes por c\u00e2ncer relacionados ao HPV, enquanto locais com baixa ades\u00e3o ainda convivem com altas taxas de infec\u00e7\u00e3o e sobrecarga nos sistemas de sa\u00fade.\u00a0<\/p>\n<p>Para o Dr. Martim Elviro, a mensagem \u00e9 clara: a vacina contra o HPV \u00e9 segura, eficaz e fundamental para salvar vidas. A resist\u00eancia, ainda presente, precisa ser enfrentada com informa\u00e7\u00e3o, di\u00e1logo e campanhas de conscientiza\u00e7\u00e3o que unam m\u00e9dicos, escolas e fam\u00edlias em prol da sa\u00fade das novas gera\u00e7\u00f5es.\u00a0<\/p>\n","protected":false},"excerpt":{"rendered":"A vacina contra o HPV \u00e9 considerada uma das mais eficazes medidas de preven\u00e7\u00e3o em sa\u00fade p\u00fablica, mas&hellip;\n","protected":false},"author":2,"featured_media":159426,"comment_status":"","ping_status":"","sticky":false,"template":"","format":"standard","meta":{"footnotes":""},"categories":[86],"tags":[33980,116,12231,32,33,117,1333],"class_list":{"0":"post-159425","1":"post","2":"type-post","3":"status-publish","4":"format-standard","5":"has-post-thumbnail","7":"category-saude","8":"tag-cancer-cervical","9":"tag-health","10":"tag-hpv","11":"tag-portugal","12":"tag-pt","13":"tag-saude","14":"tag-vacina"},"share_on_mastodon":{"url":"https:\/\/pubeurope.com\/@pt\/115584821041409943","error":""},"_links":{"self":[{"href":"https:\/\/www.europesays.com\/pt\/wp-json\/wp\/v2\/posts\/159425","targetHints":{"allow":["GET"]}}],"collection":[{"href":"https:\/\/www.europesays.com\/pt\/wp-json\/wp\/v2\/posts"}],"about":[{"href":"https:\/\/www.europesays.com\/pt\/wp-json\/wp\/v2\/types\/post"}],"author":[{"embeddable":true,"href":"https:\/\/www.europesays.com\/pt\/wp-json\/wp\/v2\/users\/2"}],"replies":[{"embeddable":true,"href":"https:\/\/www.europesays.com\/pt\/wp-json\/wp\/v2\/comments?post=159425"}],"version-history":[{"count":0,"href":"https:\/\/www.europesays.com\/pt\/wp-json\/wp\/v2\/posts\/159425\/revisions"}],"wp:featuredmedia":[{"embeddable":true,"href":"https:\/\/www.europesays.com\/pt\/wp-json\/wp\/v2\/media\/159426"}],"wp:attachment":[{"href":"https:\/\/www.europesays.com\/pt\/wp-json\/wp\/v2\/media?parent=159425"}],"wp:term":[{"taxonomy":"category","embeddable":true,"href":"https:\/\/www.europesays.com\/pt\/wp-json\/wp\/v2\/categories?post=159425"},{"taxonomy":"post_tag","embeddable":true,"href":"https:\/\/www.europesays.com\/pt\/wp-json\/wp\/v2\/tags?post=159425"}],"curies":[{"name":"wp","href":"https:\/\/api.w.org\/{rel}","templated":true}]}}