{"id":159427,"date":"2025-11-21T00:21:30","date_gmt":"2025-11-21T00:21:30","guid":{"rendered":"https:\/\/www.europesays.com\/pt\/159427\/"},"modified":"2025-11-21T00:21:30","modified_gmt":"2025-11-21T00:21:30","slug":"digi-avancou-e-estas-2-operadoras-seguiram-lhe-os-passos","status":"publish","type":"post","link":"https:\/\/www.europesays.com\/pt\/159427\/","title":{"rendered":"DIGI avan\u00e7ou e estas 2 operadoras seguiram-lhe os passos"},"content":{"rendered":"<p class=\"leading\">\n                A Woo e a Uzo j\u00e1 contam com novos canais na sua grelha.            <\/p>\n<p>        <img decoding=\"async\" alt=\"digi\" height=\"900\" src=\"https:\/\/www.europesays.com\/pt\/wp-content\/uploads\/2025\/11\/digi-tv-amigo-woo-1.jpg\" width=\"1600\" fetchpriority=\"high\"\/><br \/>\nImagem: Unsplash<\/p>\n<p><a href=\"https:\/\/amzn.to\/4p6PjL1\" rel=\"nofollow noopener\" class=\"banner-deals mb20 banner-deals-rotation\" target=\"_blank\"><\/p>\n<p>        A semana da<br \/>\n        Black Friday<br \/>\n        j\u00e1 come\u00e7ou!<br \/>\n        As ofertas que realmente compensam!<\/p>\n<p>\n        VER OFERTAS<\/p>\n<p><\/a><\/p>\n<p>A DIGI refor\u00e7ou no in\u00edcio desta semana a sua oferta de televis\u00e3o. Pouco mais de <a href=\"https:\/\/4gnews.pt\/digi-chegou-ha-1-ano-a-portugal-o-que-mudou\/\" rel=\"nofollow noopener\" target=\"_blank\">um ano ap\u00f3s chegar a Portugal<\/a>, a operadora passou a ter dispon\u00edvel na sua grelha os canais do grupo Media Livre, mais concretamente a <a href=\"https:\/\/4gnews.pt\/digi-novos-canais-portugueses-reforcam-a-oferta-de-tv-ve-aqui-quais-sao\/\" rel=\"nofollow noopener\" target=\"_blank\">CMTV e a NOW<\/a>. E n\u00e3o demorou muito at\u00e9 outras operadoras lhe seguirem os passos.<\/p>\n<p>Estes canais j\u00e1 se encontravam dispon\u00edveis nas ofertas da MEO, NOS ou Vodafone. No entanto, as suas lowcost <strong>Uzo<\/strong> (da MEO), <strong>Woo<\/strong> (da NOS) n\u00e3o os ofereciam nos seus pacotes de TV, de forma a manterem condi\u00e7\u00f5es semelhantes \u00e0 DIGI. A \u00fanica exce\u00e7\u00e3o era a Amigo (da Vodafone), que j\u00e1 tinha estes canais h\u00e1 v\u00e1rios meses na sua grelha.<\/p>\n<p>Clientes Woo e Uzo j\u00e1 t\u00eam acesso aos canais CMTV e NOW<\/p>\n<p>Nem dois dias depois de a DIGI os adicionar \u00e0 grelha, a Woo e a Uzo j\u00e1 fizeram o mesmo. Isto \u00e9 positivo para os clientes destas operadoras lowcost que apreciavam ter estes canais nas sua oferta de TV, mas que at\u00e9 agora teriam de optar pela operadora principal caso esses fossem priorit\u00e1rios.<\/p>\n<p>Ao entrarmos na zona de TV do <a href=\"https:\/\/www.woo.pt\/pacotes-tv-net-movel\" rel=\"nofollow noopener\" target=\"_blank\">site da Woo<\/a>, os canais do grupo Media Livre j\u00e1 aparecem em destaque na zona dos generalistas sinalizados como &#8220;novo&#8221;. No caso da Uzo, ainda n\u00e3o aparecem no site oficial, mas j\u00e1 existem <a href=\"https:\/\/www.reddit.com\/r\/digipt\/comments\/1p1fy6g\/realmente\/\" rel=\"nofollow noopener\" target=\"_blank\">relatos de clientes no Reddit<\/a> de que foram adicionados \u00e0 grelha.<\/p>\n<p><img decoding=\"async\" alt=\"WOO\" height=\"1048\" width=\"2384\" class=\"lazyload\" src=\"https:\/\/www.europesays.com\/pt\/wp-content\/uploads\/2025\/11\/captura-de-ecra-2025-11-20-a-s-07-45-54.jpg\" loading=\"lazy\"\/><br \/>\nImagem do site da Woo com os novos canais em destaque<br \/>\nPre\u00e7os diferem, mas DIGI \u00e9 a mais acess\u00edvel<\/p>\n<p>Os pre\u00e7os do servi\u00e7o de TV acabam por divergir entre as v\u00e1rias operadoras lowcost, mas a DIGI continua a ser a mais acess\u00edvel. \u00c9 poss\u00edvel ter o servi\u00e7o de net fixa de 500 Mbps da DIGI + DIGI TV por apenas 19 \u20ac ou 22 \u20ac se optares pela vers\u00e3o com 1 Gbps sim\u00e9tricos.<\/p>\n<p>No caso da Amigo e da Uzo, esta \u00e9 a melhor altura para aderir. Neste per\u00edodo de Black Friday, ambas as lowcost est\u00e3o a promover o servi\u00e7o de net fixa + tv pelos mesmo 22 \u20ac. At\u00e9 \u00e0 data, s\u00f3 a Woo n\u00e3o mexeu nesta oferta, mantendo os 25 \u20ac mensais habituais.<\/p>\n<p>Promo\u00e7\u00e3o do dia<br \/>\n<a href=\"https:\/\/amzn.to\/4pjPId0\" target=\"_blank\" rel=\"nofollow noreferrer noopener\"><img decoding=\"async\" alt=\"TP-Link Archer AX58\" height=\"488\" width=\"650\" class=\"lazyload\" src=\"https:\/\/www.europesays.com\/pt\/wp-content\/uploads\/2025\/10\/tp-link-archer-ax58-41h1vswmfnl-sl500.jpg\" loading=\"lazy\"\/><\/a><\/p>\n<p>Oferta por tempo limitado<\/p>\n<p>49,99 \u20acamazon<\/p>\n<p>72,74 \u20ac-31%<\/p>\n<p class=\"inline-related-title\">Editores 4gnews recomendam:<\/p>\n","protected":false},"excerpt":{"rendered":"A Woo e a Uzo j\u00e1 contam com novos canais na sua grelha. Imagem: Unsplash A semana da&hellip;\n","protected":false},"author":2,"featured_media":159428,"comment_status":"","ping_status":"","sticky":false,"template":"","format":"standard","meta":{"footnotes":""},"categories":[83],"tags":[88,89,90,32,33],"class_list":{"0":"post-159427","1":"post","2":"type-post","3":"status-publish","4":"format-standard","5":"has-post-thumbnail","7":"category-empresas","8":"tag-business","9":"tag-economy","10":"tag-empresas","11":"tag-portugal","12":"tag-pt"},"share_on_mastodon":{"url":"https:\/\/pubeurope.com\/@pt\/115584833221874171","error":""},"_links":{"self":[{"href":"https:\/\/www.europesays.com\/pt\/wp-json\/wp\/v2\/posts\/159427","targetHints":{"allow":["GET"]}}],"collection":[{"href":"https:\/\/www.europesays.com\/pt\/wp-json\/wp\/v2\/posts"}],"about":[{"href":"https:\/\/www.europesays.com\/pt\/wp-json\/wp\/v2\/types\/post"}],"author":[{"embeddable":true,"href":"https:\/\/www.europesays.com\/pt\/wp-json\/wp\/v2\/users\/2"}],"replies":[{"embeddable":true,"href":"https:\/\/www.europesays.com\/pt\/wp-json\/wp\/v2\/comments?post=159427"}],"version-history":[{"count":0,"href":"https:\/\/www.europesays.com\/pt\/wp-json\/wp\/v2\/posts\/159427\/revisions"}],"wp:featuredmedia":[{"embeddable":true,"href":"https:\/\/www.europesays.com\/pt\/wp-json\/wp\/v2\/media\/159428"}],"wp:attachment":[{"href":"https:\/\/www.europesays.com\/pt\/wp-json\/wp\/v2\/media?parent=159427"}],"wp:term":[{"taxonomy":"category","embeddable":true,"href":"https:\/\/www.europesays.com\/pt\/wp-json\/wp\/v2\/categories?post=159427"},{"taxonomy":"post_tag","embeddable":true,"href":"https:\/\/www.europesays.com\/pt\/wp-json\/wp\/v2\/tags?post=159427"}],"curies":[{"name":"wp","href":"https:\/\/api.w.org\/{rel}","templated":true}]}}