{"id":159429,"date":"2025-11-21T00:22:08","date_gmt":"2025-11-21T00:22:08","guid":{"rendered":"https:\/\/www.europesays.com\/pt\/159429\/"},"modified":"2025-11-21T00:22:08","modified_gmt":"2025-11-21T00:22:08","slug":"trump-acusa-democratas-de-sedicao-crime-punivel-com-a-morte-eua","status":"publish","type":"post","link":"https:\/\/www.europesays.com\/pt\/159429\/","title":{"rendered":"Trump acusa democratas de sedi\u00e7\u00e3o, crime \u201cpun\u00edvel com a morte\u201d | EUA"},"content":{"rendered":"<p>O Presidente norte-americano, <a href=\"http:\/\/www.publico.pt\/donald-trump\" rel=\"nofollow noopener\" target=\"_blank\">Donald Trump<\/a>, acusou nesta quinta-feira um grupo de senadores e congressistas do Partido Democrata de sedi\u00e7\u00e3o, um crime &#8220;pun\u00edvel com a morte&#8221;. Em causa est\u00e1 a grava\u00e7\u00e3o de um v\u00eddeo, posteriormente divulgado nas redes sociais, em que os democratas recordam aos membros das For\u00e7as Armadas dos Estados Unidos que n\u00e3o t\u00eam qualquer dever de cumprimento de ordens ilegais.<\/p>\n<p>&#8220;As nossas leis s\u00e3o claras. Podem recusar ordens ilegais&#8221;, declara Mark Kelly, senador do Arizona. Todos os elementos do grupo democrata autor do v\u00eddeo serviram nas For\u00e7as Armadas ou nos servi\u00e7os de intelig\u00eancia dos EUA. A iniciativa foi organizada pela senadora Elissa Slotkin, do Michigan, uma antiga analista da CIA que esteve destacada no Iraque. Participaram ainda os congressistas Chris Deluzio, Jason Crow, Chrissy Houlahan e Maggie Goodlander.<\/p>\n<p>&#8220;Comportamento de sedi\u00e7\u00e3o, pun\u00edvel com a morte!&#8221;, escreveu Trump na rede social Truth Social, em reac\u00e7\u00e3o \u00e0 publica\u00e7\u00e3o dos democratas. &#8220;George Washington t\u00ea-los-ia enforcado!!&#8221;, acrescentou noutra mensagem.<\/p>\n<p>&#8220;Cada um destes traidores do nosso pa\u00eds deviam ser detidos e levados a julgamentos&#8221;, escreveu ainda.<\/p>\n<p>        &#13;<\/p>\n<p>&#13;<br \/>\n                &#13;\n            <\/p>\n<p>&#13;<\/p>\n<p>O grupo reagiu em comunicado: &#8220;O que \u00e9 mais revelador \u00e9 que o Presidente considera que \u00e9 pun\u00edvel com a morte que afirmemos o que diz a lei. Os nossos militares devem poder saber que os apoiamos no cumprimento do seu juramento da Constitui\u00e7\u00e3o e da obriga\u00e7\u00e3o de seguir apenas ordens legais. N\u00e3o \u00e9 apenas a coisa certa a fazer, \u00e9 tamb\u00e9m o nosso dever.&#8221;<\/p>\n<p>Chuck Schumer, l\u00edder da minoria democrata no Senado, saiu em defesa dos colegas de bancada. &#8220;Sejamos muito claros, o Presidente dos Estados Unidos est\u00e1 a apelar \u00e0 execu\u00e7\u00e3o de respons\u00e1veis eleitos&#8221;, denunciou. O Partido Democrata diz estar em contacto com a pol\u00edcia do Capit\u00f3lio &#8220;para garantir a seguran\u00e7a destes membros e das suas fam\u00edlias&#8221;.<\/p>\n<p>A lideran\u00e7a do Partido Republicano, por seu turno, alinha com Trump. &#8220;\u00c9 muito perigoso termos membros de relevo do Congresso a dizer \u00e0s tropas para desobedecerem a ordens, acho que n\u00e3o tem precedentes na hist\u00f3ria norte-americana&#8221;, criticou Mike Johnson, l\u00edder da maioria republicana na C\u00e2mara dos Representantes. Na Casa Branca, a assessora de imprensa da presid\u00eancia, Karoline Leavitt, negou contudo que Trump estivesse a pedir a execu\u00e7\u00e3o dos congressistas democratas.<\/p>\n<p>        &#13;<\/p>\n<p>&#13;<br \/>\n                &#13;\n            <\/p>\n<p>&#13;<\/p>\n<p>As For\u00e7as Armadas norte-americanas encontram-se em territ\u00f3rio legalmente duvidoso em pelo menos duas frentes neste segundo mandato de Trump na Casa Branca. Internamente, o Presidente republicano chamou \u00e0 base naval de Quantico, em Setembro, cerca de 800 generais e almirantes para lhes dizer que contava com os militares para <a href=\"https:\/\/www.publico.pt\/2025\/09\/30\/mundo\/noticia\/porta-aberta-exclusao-mulheres-gordos-barbudos-forcas-armadas-eua-2149088\" rel=\"nofollow noopener\" target=\"_blank\">&#8220;endireitar&#8221; as cidades norte-americanas<\/a> geridas pelo Partido Democrata, sobretudo em mat\u00e9ria de seguran\u00e7a p\u00fablica. A Constitui\u00e7\u00e3o dos EUA pro\u00edbe o exerc\u00edcio de miss\u00f5es policiais pelas For\u00e7as Armadas em territ\u00f3rio nacional, salvo em circunst\u00e2ncias excepcionais. Em Junho, 700 elementos do Corpo de Fuzileiros foram destacados para Los Angeles, na Calif\u00f3rnia, para auxiliar soldados da Guarda Nacional a conter protestos contra a ofensiva anti-imigra\u00e7\u00e3o em curso.<\/p>\n<p>Na frente externa, as for\u00e7as norte-americanas t\u00eam levado a cabo o <a href=\"https:\/\/www.publico.pt\/2025\/11\/16\/mundo\/noticia\/pentagono-afirma-atacado-barco-suspeito-trafico-pacifico-tres-pessoas-morreram-2154856\" rel=\"nofollow noopener\" target=\"_blank\">bombardeamento de navios<\/a> suspeitos de liga\u00e7\u00e3o a grupos de narcotraficantes nas Cara\u00edbas, vitimando dezenas de pessoas, num quadro d\u00fabio de &#8220;conflito armado&#8221; que n\u00e3o conta at\u00e9 ao momento com qualquer autoriza\u00e7\u00e3o de uso de for\u00e7a militar por parte do Congresso.<\/p>\n","protected":false},"excerpt":{"rendered":"O Presidente norte-americano, Donald Trump, acusou nesta quinta-feira um grupo de senadores e congressistas do Partido Democrata de&hellip;\n","protected":false},"author":2,"featured_media":159430,"comment_status":"","ping_status":"","sticky":false,"template":"","format":"standard","meta":{"footnotes":""},"categories":[50],"tags":[7809,27,28,2949,1426,92,413,15,16,14,25,26,21,22,62,12,13,19,20,9725,6281,23,24,9065,17,18,29,30,31,63,64,65],"class_list":{"0":"post-159429","1":"post","2":"type-post","3":"status-publish","4":"format-standard","5":"has-post-thumbnail","7":"category-mundo","8":"tag-america-do-norte","9":"tag-breaking-news","10":"tag-breakingnews","11":"tag-camara-dos-representantes","12":"tag-congresso","13":"tag-donald-trump","14":"tag-eua","15":"tag-featured-news","16":"tag-featurednews","17":"tag-headlines","18":"tag-latest-news","19":"tag-latestnews","20":"tag-main-news","21":"tag-mainnews","22":"tag-mundo","23":"tag-news","24":"tag-noticias","25":"tag-noticias-principais","26":"tag-noticiasprincipais","27":"tag-partido-democrata","28":"tag-partido-republicano","29":"tag-principais-noticias","30":"tag-principaisnoticias","31":"tag-senado","32":"tag-top-stories","33":"tag-topstories","34":"tag-ultimas","35":"tag-ultimas-noticias","36":"tag-ultimasnoticias","37":"tag-world","38":"tag-world-news","39":"tag-worldnews"},"share_on_mastodon":{"url":"","error":"Validation failed: Text character limit of 500 exceeded"},"_links":{"self":[{"href":"https:\/\/www.europesays.com\/pt\/wp-json\/wp\/v2\/posts\/159429","targetHints":{"allow":["GET"]}}],"collection":[{"href":"https:\/\/www.europesays.com\/pt\/wp-json\/wp\/v2\/posts"}],"about":[{"href":"https:\/\/www.europesays.com\/pt\/wp-json\/wp\/v2\/types\/post"}],"author":[{"embeddable":true,"href":"https:\/\/www.europesays.com\/pt\/wp-json\/wp\/v2\/users\/2"}],"replies":[{"embeddable":true,"href":"https:\/\/www.europesays.com\/pt\/wp-json\/wp\/v2\/comments?post=159429"}],"version-history":[{"count":0,"href":"https:\/\/www.europesays.com\/pt\/wp-json\/wp\/v2\/posts\/159429\/revisions"}],"wp:featuredmedia":[{"embeddable":true,"href":"https:\/\/www.europesays.com\/pt\/wp-json\/wp\/v2\/media\/159430"}],"wp:attachment":[{"href":"https:\/\/www.europesays.com\/pt\/wp-json\/wp\/v2\/media?parent=159429"}],"wp:term":[{"taxonomy":"category","embeddable":true,"href":"https:\/\/www.europesays.com\/pt\/wp-json\/wp\/v2\/categories?post=159429"},{"taxonomy":"post_tag","embeddable":true,"href":"https:\/\/www.europesays.com\/pt\/wp-json\/wp\/v2\/tags?post=159429"}],"curies":[{"name":"wp","href":"https:\/\/api.w.org\/{rel}","templated":true}]}}