{"id":159431,"date":"2025-11-21T00:25:04","date_gmt":"2025-11-21T00:25:04","guid":{"rendered":"https:\/\/www.europesays.com\/pt\/159431\/"},"modified":"2025-11-21T00:25:04","modified_gmt":"2025-11-21T00:25:04","slug":"criticas-obrigam-fifa-a-apagar-cartaz-do-mundial-2026-sem-ronaldo","status":"publish","type":"post","link":"https:\/\/www.europesays.com\/pt\/159431\/","title":{"rendered":"Cr\u00edticas \u00abobrigam\u00bb FIFA a apagar cartaz do Mundial 2026&#8230; sem Ronaldo"},"content":{"rendered":"<p data-end=\"495\" data-start=\"188\">A FIFA viveu um momento algo caricato depois de divulgar, e poucas horas depois apagar, o primeiro cartaz oficial do Mundial 2026. A raz\u00e3o? Uma avalanche de cr\u00edticas de adeptos, sobretudo portugueses, indignados com a aus\u00eancia de Cristiano Ronaldo na imagem que representava as sele\u00e7\u00f5es presentes.<\/p>\n<p data-end=\"936\" data-start=\"497\">O cartaz, divulgado nas redes sociais como parte da campanha promocional do torneio que este ano ter\u00e1 48 equipas e ser\u00e1 organizado por Estados Unidos, Canad\u00e1 e M\u00e9xico, apresentava 42 jogadores de v\u00e1rias sele\u00e7\u00f5es. Em destaque estavam Lionel Messi, Kylian Mbapp\u00e9 e Erling Haaland. Para representar Portugal, por\u00e9m, a escolha recaiu sobre Bruno Fernandes, capit\u00e3o do Manchester United, deixando de fora CR7.<\/p>\n<p data-end=\"1134\" data-start=\"938\">A rea\u00e7\u00e3o foi imediata. Nos coment\u00e1rios, milhares de f\u00e3s criticaram a decis\u00e3o, acusando a FIFA de desrespeitar o jogador que continua a ser o capit\u00e3o e o elemento mais ic\u00f3nico do futebol portugu\u00eas.<\/p>\n<p data-end=\"1134\" data-start=\"938\"><img loading=\"lazy\" decoding=\"async\" alt=\"\" height=\"1000\" src=\"https:\/\/www.europesays.com\/pt\/wp-content\/uploads\/2025\/11\/691f5d10d34e3caad84b817a.webp\" width=\"750\"\/><\/p>\n<p data-end=\"1196\" data-start=\"1136\">Cerca de duas horas depois, a FIFA fez uma nova publica\u00e7\u00e3o relacionada com a contagem decrescente para o sorteio, a 5 de dezembro. Desta vez, Cristiano Ronaldo aparecia claramente como representante de Portugal.<\/p>\n<blockquote class=\"twitter-tweet\">\n<p lang=\"pt\">A contagem regressiva para o sorteio final da <a href=\"https:\/\/twitter.com\/hashtag\/CopadoMundoFIFA?src=hash&amp;ref_src=twsrc%5Etfw\" rel=\"nofollow noopener\" target=\"_blank\">#CopadoMundoFIFA<\/a> de 2026 j\u00e1 come\u00e7ou! \ud83e\udd29\ud83c\udfc6<\/p>\n<p>5 de dezembro\u2026 \ud83d\udc40\ud83d\udd1c <a href=\"https:\/\/t.co\/wNTLTSmGPX\" rel=\"nofollow\">pic.twitter.com\/wNTLTSmGPX<\/a><\/p>\n<p> \u2014 Copa do Mundo FIFA\ud83c\udfc6 (@fifaworldcup_pt)<br \/>\n  <a href=\"https:\/\/twitter.com\/fifaworldcup_pt\/status\/1991215194647802294?ref_src=twsrc%5Etfw\" rel=\"nofollow noopener\" target=\"_blank\">November 19, 2025<\/a>\n <\/p><\/blockquote>\n<p data-end=\"1815\" data-start=\"1486\">Ainda assim, a contesta\u00e7\u00e3o n\u00e3o abrandou, e a publica\u00e7\u00e3o original acabou mesmo apagada das redes sociais. A quest\u00e3o tornou-se ainda mais sens\u00edvel numa altura em que o avan\u00e7ado de 40 anos, ao servi\u00e7o do Al Nassr, <a href=\"https:\/\/maisfutebol.iol.pt\/selecao\/cristiano-ronaldo\/fpf-apresenta-exposicao-a-fifa-para-limitar-castigo-a-cristiano-ronaldo\" target=\"_blank\" rel=\"nofollow noopener\">pode vir a falhar o primeiro jogo de Portugal no Mundial<\/a> devido \u00e0 <a href=\"https:\/\/maisfutebol.iol.pt\/internacional\/futebol\/ansiedade-papelao-e-mundial-de-dor-a-expulsao-de-ronaldo-vista-la-fora\" target=\"_blank\" rel=\"nofollow noopener\">expuls\u00e3o frente \u00e0 Irlanda<\/a>.<\/p>\n<p data-end=\"1855\" data-start=\"1817\">O maior torneio de sempre de sele\u00e7\u00f5es arranca a 11 de junho e prolonga-se at\u00e9 19 de julho, nos tr\u00eas pa\u00edses da Am\u00e9rica do Norte.<\/p>\n<p>                                <script async src=\"https:\/\/platform.twitter.com\/widgets.js\" charset=\"utf-8\"><\/script><\/p>\n","protected":false},"excerpt":{"rendered":"A FIFA viveu um momento algo caricato depois de divulgar, e poucas horas depois apagar, o primeiro cartaz&hellip;\n","protected":false},"author":2,"featured_media":151605,"comment_status":"","ping_status":"","sticky":false,"template":"","format":"standard","meta":{"footnotes":""},"categories":[8],"tags":[27,28,5532,25437,667,15,16,2698,14,25,26,21,22,46,12632,12,13,19,20,32,23,24,33,47,17,18,29,30,31],"class_list":{"0":"post-159431","1":"post","2":"type-post","3":"status-publish","4":"format-standard","5":"has-post-thumbnail","7":"category-principais-noticias","8":"tag-breaking-news","9":"tag-breakingnews","10":"tag-bruno-fernandes","11":"tag-cartaz","12":"tag-cristiano-ronaldo","13":"tag-featured-news","14":"tag-featurednews","15":"tag-fifa","16":"tag-headlines","17":"tag-latest-news","18":"tag-latestnews","19":"tag-main-news","20":"tag-mainnews","21":"tag-maisfutebol","22":"tag-mundial-2026","23":"tag-news","24":"tag-noticias","25":"tag-noticias-principais","26":"tag-noticiasprincipais","27":"tag-portugal","28":"tag-principais-noticias","29":"tag-principaisnoticias","30":"tag-pt","31":"tag-pura-paixao","32":"tag-top-stories","33":"tag-topstories","34":"tag-ultimas","35":"tag-ultimas-noticias","36":"tag-ultimasnoticias"},"share_on_mastodon":{"url":"https:\/\/pubeurope.com\/@pt\/115584848951439001","error":""},"_links":{"self":[{"href":"https:\/\/www.europesays.com\/pt\/wp-json\/wp\/v2\/posts\/159431","targetHints":{"allow":["GET"]}}],"collection":[{"href":"https:\/\/www.europesays.com\/pt\/wp-json\/wp\/v2\/posts"}],"about":[{"href":"https:\/\/www.europesays.com\/pt\/wp-json\/wp\/v2\/types\/post"}],"author":[{"embeddable":true,"href":"https:\/\/www.europesays.com\/pt\/wp-json\/wp\/v2\/users\/2"}],"replies":[{"embeddable":true,"href":"https:\/\/www.europesays.com\/pt\/wp-json\/wp\/v2\/comments?post=159431"}],"version-history":[{"count":0,"href":"https:\/\/www.europesays.com\/pt\/wp-json\/wp\/v2\/posts\/159431\/revisions"}],"wp:featuredmedia":[{"embeddable":true,"href":"https:\/\/www.europesays.com\/pt\/wp-json\/wp\/v2\/media\/151605"}],"wp:attachment":[{"href":"https:\/\/www.europesays.com\/pt\/wp-json\/wp\/v2\/media?parent=159431"}],"wp:term":[{"taxonomy":"category","embeddable":true,"href":"https:\/\/www.europesays.com\/pt\/wp-json\/wp\/v2\/categories?post=159431"},{"taxonomy":"post_tag","embeddable":true,"href":"https:\/\/www.europesays.com\/pt\/wp-json\/wp\/v2\/tags?post=159431"}],"curies":[{"name":"wp","href":"https:\/\/api.w.org\/{rel}","templated":true}]}}