{"id":159432,"date":"2025-11-21T00:26:09","date_gmt":"2025-11-21T00:26:09","guid":{"rendered":"https:\/\/www.europesays.com\/pt\/159432\/"},"modified":"2025-11-21T00:26:09","modified_gmt":"2025-11-21T00:26:09","slug":"nuno-markl-hospitalizado-de-urgencia","status":"publish","type":"post","link":"https:\/\/www.europesays.com\/pt\/159432\/","title":{"rendered":"Nuno Markl hospitalizado de urg\u00eancia"},"content":{"rendered":"<p>Nuno Markl, de 54 anos, foi internado de urg\u00eancia.<\/p>\n<p>A CMTV, que avan\u00e7a a not\u00edcia, alega que o humorista sofreu um AVC. Encontra-se no Hospital de S\u00e3o Francisco Xavier, mas n\u00e3o se sabem detalhes sobre o respetivo estado de sa\u00fade.<\/p>\n<p>Na mesma esta\u00e7\u00e3o, Maya referiu que Nuno Markl come\u00e7ou por ser assistido no Hospital de Cascais, at\u00e9 ter sido transferido para a unidade de sa\u00fade lisboeta.<\/p>\n","protected":false},"excerpt":{"rendered":"Nuno Markl, de 54 anos, foi internado de urg\u00eancia. A CMTV, que avan\u00e7a a not\u00edcia, alega que o&hellip;\n","protected":false},"author":2,"featured_media":159433,"comment_status":"","ping_status":"","sticky":false,"template":"","format":"standard","meta":{"footnotes":""},"categories":[145],"tags":[211,210,114,115,980,11435,32,33,1012],"class_list":{"0":"post-159432","1":"post","2":"type-post","3":"status-publish","4":"format-standard","5":"has-post-thumbnail","7":"category-celebridades","8":"tag-celebridades","9":"tag-celebrities","10":"tag-entertainment","11":"tag-entretenimento","12":"tag-famosos","13":"tag-nuno-markl","14":"tag-portugal","15":"tag-pt","16":"tag-selfie"},"share_on_mastodon":{"url":"https:\/\/pubeurope.com\/@pt\/115584852511754915","error":""},"_links":{"self":[{"href":"https:\/\/www.europesays.com\/pt\/wp-json\/wp\/v2\/posts\/159432","targetHints":{"allow":["GET"]}}],"collection":[{"href":"https:\/\/www.europesays.com\/pt\/wp-json\/wp\/v2\/posts"}],"about":[{"href":"https:\/\/www.europesays.com\/pt\/wp-json\/wp\/v2\/types\/post"}],"author":[{"embeddable":true,"href":"https:\/\/www.europesays.com\/pt\/wp-json\/wp\/v2\/users\/2"}],"replies":[{"embeddable":true,"href":"https:\/\/www.europesays.com\/pt\/wp-json\/wp\/v2\/comments?post=159432"}],"version-history":[{"count":0,"href":"https:\/\/www.europesays.com\/pt\/wp-json\/wp\/v2\/posts\/159432\/revisions"}],"wp:featuredmedia":[{"embeddable":true,"href":"https:\/\/www.europesays.com\/pt\/wp-json\/wp\/v2\/media\/159433"}],"wp:attachment":[{"href":"https:\/\/www.europesays.com\/pt\/wp-json\/wp\/v2\/media?parent=159432"}],"wp:term":[{"taxonomy":"category","embeddable":true,"href":"https:\/\/www.europesays.com\/pt\/wp-json\/wp\/v2\/categories?post=159432"},{"taxonomy":"post_tag","embeddable":true,"href":"https:\/\/www.europesays.com\/pt\/wp-json\/wp\/v2\/tags?post=159432"}],"curies":[{"name":"wp","href":"https:\/\/api.w.org\/{rel}","templated":true}]}}