{"id":15945,"date":"2025-08-04T18:06:10","date_gmt":"2025-08-04T18:06:10","guid":{"rendered":"https:\/\/www.europesays.com\/pt\/15945\/"},"modified":"2025-08-04T18:06:10","modified_gmt":"2025-08-04T18:06:10","slug":"mais-de-60-dos-manuais-escolares-serao-reutilizados-no-proximo-ano-letivo","status":"publish","type":"post","link":"https:\/\/www.europesays.com\/pt\/15945\/","title":{"rendered":"Mais de 60% dos manuais escolares ser\u00e3o reutilizados no pr\u00f3ximo ano letivo"},"content":{"rendered":"<p class=\"category\"><a href=\"https:\/\/sicnoticias.pt\/pais\" rel=\"nofollow noopener\" target=\"_blank\">Pa\u00eds<\/a><\/p>\n<p>Os dados referem-se apenas aos livros do 5.\u00ba ao 12.\u00ba anos de escolaridade, uma vez que a tutela decidiu dispensar os alunos at\u00e9 ao 4.\u00ba ano da devolu\u00e7\u00e3o no \u00e2mbito do programa de gratuitidade dos manuais escolares.<\/p>\n<p><img decoding=\"async\" src=\"https:\/\/www.europesays.com\/pt\/wp-content\/uploads\/2025\/08\/1754330770_552_original.webp\" alt=\"Mais de 60% dos manuais escolares ser\u00e3o reutilizados no pr\u00f3ximo ano letivo\"\/><\/p>\n<p>Klaus Vedfelt<\/p>\n<p><strong>Mais de 60% dos manuais escolares usados pelos alunos do 2.\u00ba ciclo ao secund\u00e1rio no ano passado v\u00e3o poder ser reutilizados, segundo dados do Minist\u00e9rio da Educa\u00e7\u00e3o, que dispensou o 1.\u00ba ciclo da devolu\u00e7\u00e3o dos livros.<\/strong><\/p>\n<blockquote><p>&#8220;De acordo com dados do Instituto de Gest\u00e3o Financeira da Educa\u00e7\u00e3o (IGeFE), 66,76% dos manuais escolares est\u00e3o eleg\u00edveis para reutiliza\u00e7\u00e3o&#8221;, refere o Minist\u00e9rio da Educa\u00e7\u00e3o, Ci\u00eancia e Inova\u00e7\u00e3o (MECI) numa resposta \u00e0 ag\u00eancia Lusa.<\/p><\/blockquote>\n<p>Os dados referem-se apenas aos livros do 5.\u00ba ao 12.\u00ba anos de escolaridade, uma vez que a <strong>tutela decidiu dispensar os alunos at\u00e9 ao 4.\u00ba ano da devolu\u00e7\u00e3o<\/strong> no \u00e2mbito do programa de gratuitidade dos manuais escolares.<\/p>\n<p>No in\u00edcio do pr\u00f3ximo ano letivo, os <strong>alunos do 1.\u00ba ciclo v\u00e3o receber, por isso, manuais escolares novos gratuitos<\/strong>, cujos vales para aquisi\u00e7\u00e3o come\u00e7aram a ser emitidos h\u00e1 uma semana.<\/p>\n<blockquote><p>&#8220;O MECI acredita que a possibilidade de manusear, escrever, sublinhar, anotar e usar livremente os manuais contribui para o processo de aprendizagem dos alunos, sendo um direito que deve ser preservado&#8221;, refere a tutela para justificar a exclus\u00e3o dos alunos mais novos do programa de reutiliza\u00e7\u00e3o.<\/p><\/blockquote>\n<p>Estes vales v\u00e3o sendo disponibilizados gradualmente na plataforma <a href=\"https:\/\/manuaisescolares.pt\/\" target=\"_blank\" rel=\"noopener noreferrer nofollow\">MEGA<\/a>, \u00e0 medida que as turmas s\u00e3o constitu\u00eddas e que a informa\u00e7\u00e3o \u00e9 disponibilizada pelas escolas.<\/p>\n<p>A plataforma MEGA indica se os alunos v\u00e3o receber vales para livros novos, que podem ser levantados nas livrarias aderentes, ou se ser\u00e3o atribu\u00eddos livros usados, levantados na pr\u00f3pria escola.<\/p>\n<p>A partir da pr\u00f3xima semana, <strong>ser\u00e3o disponibilizados os vales para os alunos do ensino secund\u00e1rio e outras ofertas formativas.<\/strong><\/p>\n","protected":false},"excerpt":{"rendered":"Pa\u00eds Os dados referem-se apenas aos livros do 5.\u00ba ao 12.\u00ba anos de escolaridade, uma vez que a&hellip;\n","protected":false},"author":2,"featured_media":15946,"comment_status":"","ping_status":"","sticky":false,"template":"","format":"standard","meta":{"footnotes":""},"categories":[143],"tags":[169,114,115,170,32,33],"class_list":{"0":"post-15945","1":"post","2":"type-post","3":"status-publish","4":"format-standard","5":"has-post-thumbnail","7":"category-livros","8":"tag-books","9":"tag-entertainment","10":"tag-entretenimento","11":"tag-livros","12":"tag-portugal","13":"tag-pt"},"share_on_mastodon":{"url":"","error":""},"_links":{"self":[{"href":"https:\/\/www.europesays.com\/pt\/wp-json\/wp\/v2\/posts\/15945","targetHints":{"allow":["GET"]}}],"collection":[{"href":"https:\/\/www.europesays.com\/pt\/wp-json\/wp\/v2\/posts"}],"about":[{"href":"https:\/\/www.europesays.com\/pt\/wp-json\/wp\/v2\/types\/post"}],"author":[{"embeddable":true,"href":"https:\/\/www.europesays.com\/pt\/wp-json\/wp\/v2\/users\/2"}],"replies":[{"embeddable":true,"href":"https:\/\/www.europesays.com\/pt\/wp-json\/wp\/v2\/comments?post=15945"}],"version-history":[{"count":0,"href":"https:\/\/www.europesays.com\/pt\/wp-json\/wp\/v2\/posts\/15945\/revisions"}],"wp:featuredmedia":[{"embeddable":true,"href":"https:\/\/www.europesays.com\/pt\/wp-json\/wp\/v2\/media\/15946"}],"wp:attachment":[{"href":"https:\/\/www.europesays.com\/pt\/wp-json\/wp\/v2\/media?parent=15945"}],"wp:term":[{"taxonomy":"category","embeddable":true,"href":"https:\/\/www.europesays.com\/pt\/wp-json\/wp\/v2\/categories?post=15945"},{"taxonomy":"post_tag","embeddable":true,"href":"https:\/\/www.europesays.com\/pt\/wp-json\/wp\/v2\/tags?post=15945"}],"curies":[{"name":"wp","href":"https:\/\/api.w.org\/{rel}","templated":true}]}}