{"id":159464,"date":"2025-11-21T01:02:10","date_gmt":"2025-11-21T01:02:10","guid":{"rendered":"https:\/\/www.europesays.com\/pt\/159464\/"},"modified":"2025-11-21T01:02:10","modified_gmt":"2025-11-21T01:02:10","slug":"di-maria-sagra-se-campeao-pelo-rosario-central-na-secretaria","status":"publish","type":"post","link":"https:\/\/www.europesays.com\/pt\/159464\/","title":{"rendered":"Di Mar\u00eda sagra-se campe\u00e3o pelo Rosario Central&#8230; na secretaria"},"content":{"rendered":"<p>A Federa\u00e7\u00e3o Argentina de Futebol (AFA) decidiu atribuir o t\u00edtulo de campe\u00e3o da Liga Profissional ao Rosario Central, do ex-Benfica \u00c1ngel Di Mar\u00eda. A decis\u00e3o foi tomada esta quinta-feira, ap\u00f3s uma reuni\u00e3o com dirigentes do futebol argentino.<\/p>\n<blockquote class=\"twitter-tweet\">\n<p lang=\"es\">\ud83c\udfc6 Rosario Central campe\u00f3n de Liga 2025<br \/>\u00a0<\/p>\n<p>En la reuni\u00f3n de Comit\u00e9 Ejecutivo de la <a href=\"https:\/\/twitter.com\/hashtag\/LPF?src=hash&amp;ref_src=twsrc%5Etfw\" rel=\"nofollow noopener\" target=\"_blank\">#LPF<\/a> se decidi\u00f3, por unanimidad, instalar el t\u00edtulo de \u201cCampe\u00f3n de Liga\u201d al equipo que m\u00e1s puntos haya sumado en la Tabla General.<\/p>\n<p> \u00a0 <\/p>\n<p>Tambi\u00e9n por resoluci\u00f3n del Comit\u00e9 Ejecutivo de la LPF, se decidi\u00f3\u2026 <a href=\"https:\/\/t.co\/ubYqUD5brg\" rel=\"nofollow\">pic.twitter.com\/ubYqUD5brg<\/a><\/p>\n<p>\u00a0<\/p>\n<p> \u2014 Liga Profesional de F\u00fatbol (@LigaAFA)<br \/>\n  <a href=\"https:\/\/twitter.com\/LigaAFA\/status\/1991554989085323268?ref_src=twsrc%5Etfw\" rel=\"nofollow noopener\" target=\"_blank\">November 20, 2025<\/a>\n <\/p><\/blockquote>\n<p>O Rosario Central conquistou o t\u00edtulo por ter sido a equipa com melhor desempenho na tabela anual, somando 66 pontos &#8211; 18 vit\u00f3rias, 12 empates e duas derrotas &#8211; mais quatro do que o Boca Juniors.\u00a0<\/p>\n<p>A comitiva do clube esteve presente na sede da Liga Profissional, em Puerto Madero, para receber o trof\u00e9u. Entre os representantes encontravam-se Di Mar\u00eda, o capit\u00e3o Jorge Fatura Broun, o treinador Ariel Holan, a vice-presidente Carolina Cristinziano e o presidente Gonzalo Belloso, que prestou declara\u00e7\u00f5es \u00e0 sa\u00edda do edif\u00edcio.<\/p>\n<p>\u00abEste \u00e9 um projeto trabalhado ao longo de v\u00e1rios anos para recuperar um t\u00edtulo anual que reconhe\u00e7a a equipa mais consistente da \u00e9poca. Junta-se agora ao Apertura, ao Clausura e ao Trof\u00e9u dos Campe\u00f5es, permitindo que o campe\u00e3o anual volte a ser oficialmente distinguido\u00bb, explicou o dirigente.<\/p>\n<p>\u00ab\u00c9 totalmente merecido para um clube que liderou desde a primeira at\u00e9 \u00e0 \u00faltima jornada, somou mais pontos do que qualquer outro e perdeu apenas dois jogos durante todo o ano. Sentimo-nos muito felizes e orgulhosos. Este tipo de competi\u00e7\u00e3o fazia falta e o futebol argentino precisava de recuperar este formato anual\u00bb, acrescentou Belloso.<\/p>\n<p>Este trof\u00e9u n\u00e3o constava inicialmente do regulamento dos Torneios da Liga de 2025, que previam apenas tr\u00eas competi\u00e7\u00f5es oficiais: Apertura, Clausura e Trof\u00e9u dos Campe\u00f5es. Segue um modelo semelhante ao utilizado na MLS, onde a equipa com mais pontos na fase regular \u00e9 distinguida com o Supporters Shield.<\/p>\n<p>O t\u00edtulo assume um significado especial para Di Mar\u00eda, que regressou este ano ao Rosario Central e conquista deste modo o primeiro trof\u00e9u pelo clube de forma\u00e7\u00e3o. \u00a0<\/p>\n<p>O emblema argentino, com este t\u00edtulo, eleva para oito o n\u00famero de estrelas que figuram no emblema.<\/p>\n<blockquote class=\"twitter-tweet\">\n<p lang=\"es\">\u00a1CENTRAL CAMPE\u00d3N DE LA LIGA 2025! \u00a1SOMOS EL MEJOR EQUIPO DEL A\u00d1O! \ud83d\udc9b\ud83d\udc99\ud83c\udfc6 <a href=\"https:\/\/t.co\/7RbY1wcKZ3\" rel=\"nofollow\">pic.twitter.com\/7RbY1wcKZ3<\/a><\/p>\n<p> \u2014 Rosario Central (@RosarioCentral)<br \/>\n  <a href=\"https:\/\/twitter.com\/RosarioCentral\/status\/1991543661809828331?ref_src=twsrc%5Etfw\" rel=\"nofollow noopener\" target=\"_blank\">November 20, 2025<\/a>\n <\/p><\/blockquote>\n<p>                                <script async src=\"https:\/\/platform.twitter.com\/widgets.js\" charset=\"utf-8\"><\/script><\/p>\n","protected":false},"excerpt":{"rendered":"A Federa\u00e7\u00e3o Argentina de Futebol (AFA) decidiu atribuir o t\u00edtulo de campe\u00e3o da Liga Profissional ao Rosario Central,&hellip;\n","protected":false},"author":2,"featured_media":159465,"comment_status":"","ping_status":"","sticky":false,"template":"","format":"standard","meta":{"footnotes":""},"categories":[87],"tags":[19237,2424,135,13079,82,46,32,33,47,13080,134],"class_list":{"0":"post-159464","1":"post","2":"type-post","3":"status-publish","4":"format-standard","5":"has-post-thumbnail","7":"category-desporto","8":"tag-angel-di-maria","9":"tag-argentina","10":"tag-desporto","11":"tag-di-maria","12":"tag-internacional","13":"tag-maisfutebol","14":"tag-portugal","15":"tag-pt","16":"tag-pura-paixao","17":"tag-rosario-central","18":"tag-sports"},"share_on_mastodon":{"url":"https:\/\/pubeurope.com\/@pt\/115584994568147787","error":""},"_links":{"self":[{"href":"https:\/\/www.europesays.com\/pt\/wp-json\/wp\/v2\/posts\/159464","targetHints":{"allow":["GET"]}}],"collection":[{"href":"https:\/\/www.europesays.com\/pt\/wp-json\/wp\/v2\/posts"}],"about":[{"href":"https:\/\/www.europesays.com\/pt\/wp-json\/wp\/v2\/types\/post"}],"author":[{"embeddable":true,"href":"https:\/\/www.europesays.com\/pt\/wp-json\/wp\/v2\/users\/2"}],"replies":[{"embeddable":true,"href":"https:\/\/www.europesays.com\/pt\/wp-json\/wp\/v2\/comments?post=159464"}],"version-history":[{"count":0,"href":"https:\/\/www.europesays.com\/pt\/wp-json\/wp\/v2\/posts\/159464\/revisions"}],"wp:featuredmedia":[{"embeddable":true,"href":"https:\/\/www.europesays.com\/pt\/wp-json\/wp\/v2\/media\/159465"}],"wp:attachment":[{"href":"https:\/\/www.europesays.com\/pt\/wp-json\/wp\/v2\/media?parent=159464"}],"wp:term":[{"taxonomy":"category","embeddable":true,"href":"https:\/\/www.europesays.com\/pt\/wp-json\/wp\/v2\/categories?post=159464"},{"taxonomy":"post_tag","embeddable":true,"href":"https:\/\/www.europesays.com\/pt\/wp-json\/wp\/v2\/tags?post=159464"}],"curies":[{"name":"wp","href":"https:\/\/api.w.org\/{rel}","templated":true}]}}