{"id":159470,"date":"2025-11-21T01:09:15","date_gmt":"2025-11-21T01:09:15","guid":{"rendered":"https:\/\/www.europesays.com\/pt\/159470\/"},"modified":"2025-11-21T01:09:15","modified_gmt":"2025-11-21T01:09:15","slug":"ordem-dos-advogados-arquiva-averiguacao-a-spinumviva-por-suspeitas-de-procuradoria-ilicia","status":"publish","type":"post","link":"https:\/\/www.europesays.com\/pt\/159470\/","title":{"rendered":"Ordem dos Advogados arquiva averigua\u00e7\u00e3o \u00e0 Spinumviva por suspeitas de procuradoria il\u00edcia"},"content":{"rendered":"<p>        Em comunicado hoje divulgado, o baston\u00e1rio da Ordem dos Advogados (OA), Jo\u00e3o Massano, adiantou que a decis\u00e3o de arquivamento pelo Conselho Geral se segue \u00e0 \u201cdelibera\u00e7\u00e3o un\u00e2nime\u201d da reuni\u00e3o de 14 de novembro do Conselho Regional do Porto, onde o processo correu termos.    <\/p>\n<p>O processo de averigua\u00e7\u00f5es \u00e0 Spinumviva por suspeitas de procuradoria il\u00edcita aberto na Ordem dos Advogados foi arquivado, ap\u00f3s \u201can\u00e1lise rigorosa dos factos apurados\u201d, que n\u00e3o revelou \u201cind\u00edcios suficientes da pr\u00e1tica do crime\u201d.<\/p>\n<p class=\"text-paragraph\">Em comunicado hoje divulgado, o baston\u00e1rio da Ordem dos Advogados (OA), Jo\u00e3o Massano, adiantou que a decis\u00e3o de arquivamento pelo Conselho Geral se segue \u00e0 \u201cdelibera\u00e7\u00e3o un\u00e2nime\u201d da reuni\u00e3o de 14 de novembro do Conselho Regional do Porto, onde o processo correu termos.<\/p>\n<p class=\"text-paragraph\">\u201cAp\u00f3s an\u00e1lise rigorosa dos factos apurados e da documenta\u00e7\u00e3o constante dos autos, foi conclu\u00eddo que n\u00e3o se verificam ind\u00edcios suficientes da pr\u00e1tica do crime de procuradoria il\u00edcita ou de contraordena\u00e7\u00e3o prevista no Regime Jur\u00eddico dos Atos de Advogados e Solicitadores (RJAAS). Por esse motivo, deliberou-se pelo arquivamento do processo, por inexistirem pressupostos legais que justifiquem o seu prosseguimento\u201d, l\u00ea-se no comunicado divulgado.<\/p>\n","protected":false},"excerpt":{"rendered":"Em comunicado hoje divulgado, o baston\u00e1rio da Ordem dos Advogados (OA), Jo\u00e3o Massano, adiantou que a decis\u00e3o de&hellip;\n","protected":false},"author":2,"featured_media":159471,"comment_status":"","ping_status":"","sticky":false,"template":"","format":"standard","meta":{"footnotes":""},"categories":[8],"tags":[27,28,15,16,14,25,26,21,22,12,13,19,20,32,23,24,33,17,18,29,30,31],"class_list":{"0":"post-159470","1":"post","2":"type-post","3":"status-publish","4":"format-standard","5":"has-post-thumbnail","7":"category-principais-noticias","8":"tag-breaking-news","9":"tag-breakingnews","10":"tag-featured-news","11":"tag-featurednews","12":"tag-headlines","13":"tag-latest-news","14":"tag-latestnews","15":"tag-main-news","16":"tag-mainnews","17":"tag-news","18":"tag-noticias","19":"tag-noticias-principais","20":"tag-noticiasprincipais","21":"tag-portugal","22":"tag-principais-noticias","23":"tag-principaisnoticias","24":"tag-pt","25":"tag-top-stories","26":"tag-topstories","27":"tag-ultimas","28":"tag-ultimas-noticias","29":"tag-ultimasnoticias"},"share_on_mastodon":{"url":"https:\/\/pubeurope.com\/@pt\/115585021697002130","error":""},"_links":{"self":[{"href":"https:\/\/www.europesays.com\/pt\/wp-json\/wp\/v2\/posts\/159470","targetHints":{"allow":["GET"]}}],"collection":[{"href":"https:\/\/www.europesays.com\/pt\/wp-json\/wp\/v2\/posts"}],"about":[{"href":"https:\/\/www.europesays.com\/pt\/wp-json\/wp\/v2\/types\/post"}],"author":[{"embeddable":true,"href":"https:\/\/www.europesays.com\/pt\/wp-json\/wp\/v2\/users\/2"}],"replies":[{"embeddable":true,"href":"https:\/\/www.europesays.com\/pt\/wp-json\/wp\/v2\/comments?post=159470"}],"version-history":[{"count":0,"href":"https:\/\/www.europesays.com\/pt\/wp-json\/wp\/v2\/posts\/159470\/revisions"}],"wp:featuredmedia":[{"embeddable":true,"href":"https:\/\/www.europesays.com\/pt\/wp-json\/wp\/v2\/media\/159471"}],"wp:attachment":[{"href":"https:\/\/www.europesays.com\/pt\/wp-json\/wp\/v2\/media?parent=159470"}],"wp:term":[{"taxonomy":"category","embeddable":true,"href":"https:\/\/www.europesays.com\/pt\/wp-json\/wp\/v2\/categories?post=159470"},{"taxonomy":"post_tag","embeddable":true,"href":"https:\/\/www.europesays.com\/pt\/wp-json\/wp\/v2\/tags?post=159470"}],"curies":[{"name":"wp","href":"https:\/\/api.w.org\/{rel}","templated":true}]}}