{"id":159498,"date":"2025-11-21T01:49:19","date_gmt":"2025-11-21T01:49:19","guid":{"rendered":"https:\/\/www.europesays.com\/pt\/159498\/"},"modified":"2025-11-21T01:49:19","modified_gmt":"2025-11-21T01:49:19","slug":"newark-portugueses-apreensivos-apos-novas-rusgas-do-ice-observador","status":"publish","type":"post","link":"https:\/\/www.europesays.com\/pt\/159498\/","title":{"rendered":"Newark. Portugueses apreensivos ap\u00f3s novas rusgas do ICE \u2013 Observador"},"content":{"rendered":"<p>A empresa de um portugu\u00eas, localizada na cidade norte-americana de Newark, estado de Nova J\u00e9rsia, voltou esta quarta-feira a ser alvo de rusgas anti-imigra\u00e7\u00e3o ilegal, uma situa\u00e7\u00e3o que deixou a comunidade portuguesa da regi\u00e3o apreensiva.<\/p>\n<p>Ao in\u00edcio da manh\u00e3 de quarta-feira, dezenas de agentes, incluindo do Servi\u00e7o de Imigra\u00e7\u00e3o e Alf\u00e2ndega (ICE, na sigla em ingl\u00eas) e do Departamento Federal de Investiga\u00e7\u00e3o (FBI, na sigla em ingl\u00eas), entraram na Ocean Seafood Depot, empresa dedicada \u00e0 comercializa\u00e7\u00e3o de marisco em Newark, no estado de Nova J\u00e9rsia, no nordeste do pa\u00eds.<\/p>\n<p>A <strong>empresa, propriedade do portugu\u00eas Lu\u00eds Janota, j\u00e1 havia sido alvo de rusgas em janeiro deste ano<\/strong>, poucos dias ap\u00f3s a tomada de posse de Donald Trump como Presidente dos Estados Unidos, que prometeu a \u201cmaior deporta\u00e7\u00e3o em massa\u00a0da hist\u00f3ria\u201d do pa\u00eds.<\/p>\n<p>Testemunhas disseram \u00e0 Lusa que os agentes entraram na empresa e foram separando os trabalhadores com estatuto regularizado dos restantes, sendo que quem estava em situa\u00e7\u00e3o legal recebeu uma pulseira vermelha e foi autorizado a deixar o local.<\/p>\n<p>Os restantes ter\u00e3o ficado retidos no interior do estabelecimento comercial\u00a0e posteriormente levados em carrinhas com vidros escuros, segundo testemunhas que n\u00e3o quiseram ser identificadas, que indicaram ainda que os agentes tinham uma lista de pessoas que procuravam.<\/p>\n<p>Imagens captadas no local mostravam os pol\u00edcias de rosto coberto e sem identifica\u00e7\u00e3o vis\u00edvel, uma pr\u00e1tica que vem sendo recorrente por parte dos agentes do ICE.<\/p>\n<p>\u00c0 Lusa, a empres\u00e1ria luso-americana Isabelle Coelho-Marques, fundadora da\u00a0empresa de rela\u00e7\u00f5es\u00a0p\u00fablicas Plusable e que atua no estado norte-americano de Nova J\u00e9rsia, denunciou um clima de receio e apreens\u00e3o que se instalou na comunidade portuguesa ap\u00f3s as novas rusgas.<\/p>\n<p>\u201cCom as investidas do ICE no Ironbound, este bairro da cidade Newark conhecido pela forte presen\u00e7a portuguesa e brasileira, o sentimento \u00e9 de muita apreens\u00e3o. O bairro do Ironbound n\u00e3o foi apenas moldado pelo contributo imigrante, como continua a ser uma m\u00e1quina econ\u00f3mica cujo motor \u00e9 a for\u00e7a do trabalho destas comunidades\u201d, defendeu.<\/p>\n<p>\u201c<strong>As atua\u00e7\u00f5es do ICE n\u00e3o s\u00f3 assustam o bairro como t\u00eam um impacto muito negativo ao n\u00edvel da economia local<\/strong>\u201c, acrescentou a empres\u00e1ria.<\/p>\n<p>Christine Cuttita, porta-voz regional do ICE, descreveu a opera\u00e7\u00e3o desta quarta-feira como parte de uma \u201cinvestiga\u00e7\u00e3o de seguran\u00e7a interna\u201d, na qual foi cumprido um \u201cmandado de busca\u201d, segundo a imprensa local.<\/p>\n<p>A Lusa entrou em contacto com o empres\u00e1rio Lu\u00eds Janota, mas n\u00e3o obteve resposta.<\/p>\n<p>J\u00e1 <a href=\"https:\/\/observador.pt\/2025\/01\/24\/empresa-de-portugues-alvo-de-operacao-contra-imigracao-ilegal-em-newark-nos-eua\/\" rel=\"nofollow noopener\" target=\"_blank\">na opera\u00e7\u00e3o de que foi alvo em janeiro,<\/a> o empres\u00e1rio portugu\u00eas havia descrito uma situa\u00e7\u00e3o semelhante \u00e0 de esta quarta-feira, na qual uma dezena de agentes do ICE entraram nas suas instala\u00e7\u00f5es e \u201ccome\u00e7aram a pedir pap\u00e9is de identifica\u00e7\u00e3o aos trabalhadores\u201d.<\/p>\n<p>Dos tr\u00eas funcion\u00e1rios detidos na ocasi\u00e3o, nenhum era portugu\u00eas, sendo que\u00a0Lu\u00eds Janota acreditava que a opera\u00e7\u00e3o de janeiro teria partido de uma den\u00fancia.<\/p>\n<p>Newark, que <strong>acolhe uma das mais significativas comunidades portuguesas nos Estados Unidos,<\/strong> \u00e9 uma das v\u00e1rias\u00a0\u201ccidades santu\u00e1rio\u201d do pa\u00eds,\u00a0onde existem leis locais e estaduais que protegem a popula\u00e7\u00e3o indocumentada e que acabam por ser um ref\u00fagio para pessoas que\u00a0n\u00e3o conseguiram regularizar a sua situa\u00e7\u00e3o.<\/p>\n<p>Tem havido um aumento das deten\u00e7\u00f5es pelo Servi\u00e7o de Imigra\u00e7\u00e3o e Alf\u00e2ndega desde que Trump iniciou o seu segundo mandato, com relatos de rusgas em todo o pa\u00eds.<\/p>\n<p>Al\u00e9m disso, somam-se os casos de cidad\u00e3os detentores de Green Card \u2014 resid\u00eancia permanente legal \u2014 que foram detidos e entraram em processo de deporta\u00e7\u00e3o.<\/p>\n","protected":false},"excerpt":{"rendered":"A empresa de um portugu\u00eas, localizada na cidade norte-americana de Newark, estado de Nova J\u00e9rsia, voltou esta quarta-feira&hellip;\n","protected":false},"author":2,"featured_media":159499,"comment_status":"","ping_status":"","sticky":false,"template":"","format":"standard","meta":{"footnotes":""},"categories":[50],"tags":[624,27,28,623,15,16,14,297,25,26,21,22,62,12,13,19,20,23,24,17,18,29,30,31,63,64,65],"class_list":{"0":"post-159498","1":"post","2":"type-post","3":"status-publish","4":"format-standard","5":"has-post-thumbnail","7":"category-mundo","8":"tag-amu00e9rica","9":"tag-breaking-news","10":"tag-breakingnews","11":"tag-estados-unidos-da-amu00e9rica","12":"tag-featured-news","13":"tag-featurednews","14":"tag-headlines","15":"tag-imigrau00e7u00e3o","16":"tag-latest-news","17":"tag-latestnews","18":"tag-main-news","19":"tag-mainnews","20":"tag-mundo","21":"tag-news","22":"tag-noticias","23":"tag-noticias-principais","24":"tag-noticiasprincipais","25":"tag-principais-noticias","26":"tag-principaisnoticias","27":"tag-top-stories","28":"tag-topstories","29":"tag-ultimas","30":"tag-ultimas-noticias","31":"tag-ultimasnoticias","32":"tag-world","33":"tag-world-news","34":"tag-worldnews"},"share_on_mastodon":{"url":"https:\/\/pubeurope.com\/@pt\/115585178889828383","error":""},"_links":{"self":[{"href":"https:\/\/www.europesays.com\/pt\/wp-json\/wp\/v2\/posts\/159498","targetHints":{"allow":["GET"]}}],"collection":[{"href":"https:\/\/www.europesays.com\/pt\/wp-json\/wp\/v2\/posts"}],"about":[{"href":"https:\/\/www.europesays.com\/pt\/wp-json\/wp\/v2\/types\/post"}],"author":[{"embeddable":true,"href":"https:\/\/www.europesays.com\/pt\/wp-json\/wp\/v2\/users\/2"}],"replies":[{"embeddable":true,"href":"https:\/\/www.europesays.com\/pt\/wp-json\/wp\/v2\/comments?post=159498"}],"version-history":[{"count":0,"href":"https:\/\/www.europesays.com\/pt\/wp-json\/wp\/v2\/posts\/159498\/revisions"}],"wp:featuredmedia":[{"embeddable":true,"href":"https:\/\/www.europesays.com\/pt\/wp-json\/wp\/v2\/media\/159499"}],"wp:attachment":[{"href":"https:\/\/www.europesays.com\/pt\/wp-json\/wp\/v2\/media?parent=159498"}],"wp:term":[{"taxonomy":"category","embeddable":true,"href":"https:\/\/www.europesays.com\/pt\/wp-json\/wp\/v2\/categories?post=159498"},{"taxonomy":"post_tag","embeddable":true,"href":"https:\/\/www.europesays.com\/pt\/wp-json\/wp\/v2\/tags?post=159498"}],"curies":[{"name":"wp","href":"https:\/\/api.w.org\/{rel}","templated":true}]}}