{"id":159500,"date":"2025-11-21T01:51:20","date_gmt":"2025-11-21T01:51:20","guid":{"rendered":"https:\/\/www.europesays.com\/pt\/159500\/"},"modified":"2025-11-21T01:51:20","modified_gmt":"2025-11-21T01:51:20","slug":"filipa-torrinha-nunes-nao-poupa-cristiano-ronaldo-e-saloio-e-um-folclore-de-futilidade","status":"publish","type":"post","link":"https:\/\/www.europesays.com\/pt\/159500\/","title":{"rendered":"Filipa Torrinha Nunes n\u00e3o poupa Cristiano Ronaldo: &#8220;\u00c9 saloio e um folclore de futilidade&#8221;"},"content":{"rendered":"<p>A psic\u00f3loga e comentadora social do &#8216;Passadeira Vermelha&#8217;, da SIC Caras, &#8216;arrasou&#8217; o encontro do atleta portugu\u00eas com Donald Trump.<\/p>\n<p>Partilhar<\/p>\n<p>Filipa Torrinha Nunes; Cristiano Ronaldo<\/p>\n<p>SIC\/Getty Images<\/p>\n<p>Cristiano Ronaldo<\/p>\n<p>(Getty Images)<\/p>\n<p>Agora, \u00e0 lista do que n\u00e3o est\u00e3o de acordo com a atitude de Cristiano Ronaldo, junta-se <a href=\"https:\/\/famashow.pt\/pesquisa?q=Filipa+Torrinha+Nunes\" target=\"_blank\" rel=\"noopener noreferrer nofollow\"><strong>Filipa Torrinha Nunes<\/strong><\/a>. A psic\u00f3loga e comentadora do <a href=\"https:\/\/sic.pt\/sic-caras\/passadeira-vermelha\" target=\"_blank\" rel=\"noopener noreferrer nofollow\">Passadeira Vermelha<\/a>, da SIC Caras, <strong>considera que o encontro entre o atleta madeirense e Donald Trump foi um<\/strong> <strong>&#8220;folclore de futilidade&#8221;<\/strong>.<\/p>\n<p>&#8220;N\u00e3o estou no Passadeira [Vermelha] dias suficientes para comentar tudo o que me apetece, ent\u00e3o aqui vai um r\u00e1pido &#8216;take&#8217; do que considero sobre isto: <strong>\u00e9 saloio e \u00e9 um folclore de futilidade&#8221;<\/strong>, come\u00e7ou por dizer, nos stories da sua conta de Instagram, na manh\u00e3 desta quinta-feira, 20 de novembro.<\/p>\n<p><strong>&#8220;<\/strong><strong>Mas acima de tudo, triste. <\/strong><strong>A associa\u00e7\u00e3o desta forma a um l\u00edder opressor, xen\u00f3fobo (entre tantos outros lindos atributos), s\u00f3 nos pode deixar muito envergonhados&#8221;<\/strong>, rematou, tal como se pode ver na imagem imediatamente abaixo.<\/p>\n<p>Reprodu\u00e7\u00e3o Instagram, DR<\/p>\n","protected":false},"excerpt":{"rendered":"A psic\u00f3loga e comentadora social do &#8216;Passadeira Vermelha&#8217;, da SIC Caras, &#8216;arrasou&#8217; o encontro do atleta portugu\u00eas com&hellip;\n","protected":false},"author":2,"featured_media":159501,"comment_status":"","ping_status":"","sticky":false,"template":"","format":"standard","meta":{"footnotes":""},"categories":[8],"tags":[27,28,15,16,14,25,26,21,22,12,13,19,20,32,23,24,33,17,18,29,30,31],"class_list":{"0":"post-159500","1":"post","2":"type-post","3":"status-publish","4":"format-standard","5":"has-post-thumbnail","7":"category-principais-noticias","8":"tag-breaking-news","9":"tag-breakingnews","10":"tag-featured-news","11":"tag-featurednews","12":"tag-headlines","13":"tag-latest-news","14":"tag-latestnews","15":"tag-main-news","16":"tag-mainnews","17":"tag-news","18":"tag-noticias","19":"tag-noticias-principais","20":"tag-noticiasprincipais","21":"tag-portugal","22":"tag-principais-noticias","23":"tag-principaisnoticias","24":"tag-pt","25":"tag-top-stories","26":"tag-topstories","27":"tag-ultimas","28":"tag-ultimas-noticias","29":"tag-ultimasnoticias"},"share_on_mastodon":{"url":"https:\/\/pubeurope.com\/@pt\/115585186872411150","error":""},"_links":{"self":[{"href":"https:\/\/www.europesays.com\/pt\/wp-json\/wp\/v2\/posts\/159500","targetHints":{"allow":["GET"]}}],"collection":[{"href":"https:\/\/www.europesays.com\/pt\/wp-json\/wp\/v2\/posts"}],"about":[{"href":"https:\/\/www.europesays.com\/pt\/wp-json\/wp\/v2\/types\/post"}],"author":[{"embeddable":true,"href":"https:\/\/www.europesays.com\/pt\/wp-json\/wp\/v2\/users\/2"}],"replies":[{"embeddable":true,"href":"https:\/\/www.europesays.com\/pt\/wp-json\/wp\/v2\/comments?post=159500"}],"version-history":[{"count":0,"href":"https:\/\/www.europesays.com\/pt\/wp-json\/wp\/v2\/posts\/159500\/revisions"}],"wp:featuredmedia":[{"embeddable":true,"href":"https:\/\/www.europesays.com\/pt\/wp-json\/wp\/v2\/media\/159501"}],"wp:attachment":[{"href":"https:\/\/www.europesays.com\/pt\/wp-json\/wp\/v2\/media?parent=159500"}],"wp:term":[{"taxonomy":"category","embeddable":true,"href":"https:\/\/www.europesays.com\/pt\/wp-json\/wp\/v2\/categories?post=159500"},{"taxonomy":"post_tag","embeddable":true,"href":"https:\/\/www.europesays.com\/pt\/wp-json\/wp\/v2\/tags?post=159500"}],"curies":[{"name":"wp","href":"https:\/\/api.w.org\/{rel}","templated":true}]}}