{"id":15951,"date":"2025-08-04T18:10:05","date_gmt":"2025-08-04T18:10:05","guid":{"rendered":"https:\/\/www.europesays.com\/pt\/15951\/"},"modified":"2025-08-04T18:10:05","modified_gmt":"2025-08-04T18:10:05","slug":"vitoria-sc-oficializa-contratacao-de-avancado-zerozero-pt","status":"publish","type":"post","link":"https:\/\/www.europesays.com\/pt\/15951\/","title":{"rendered":"Vit\u00f3ria SC oficializa contrata\u00e7\u00e3o de avan\u00e7ado &#8211; zerozero.pt"},"content":{"rendered":"<ol>\n<li><a href=\"https:\/\/news.google.com\/rss\/articles\/CBMijwFBVV95cUxOYjBwTHgySFcwWWYtV2oxUnphSE9oc0ZUTnVGdEF3RFg3dy1YN0lKVThBSUFtVnlPallIZnVfdGRVTDZNRmYzVDBNOE1hek5TMW5QWTJrUHo1ZmhfbkZRVW9NNTdvT2ViYVBhX3VIMThPcDZMdjZQdHd5Q3ZrelRPT1ZmcmV5YWltYkRMVzZFUQ?oc=5\" target=\"_blank\" rel=\"nofollow noopener\">Vit\u00f3ria SC oficializa contrata\u00e7\u00e3o de avan\u00e7ado<\/a>&nbsp;&nbsp;zerozero.pt<\/li>\n<li><a href=\"https:\/\/news.google.com\/rss\/articles\/CBMiqwFBVV95cUxPVUI3R21RZV9RdHhKUmN0V25JckJnb2pLNGZhTDliYnBiQ1pTejlaU29GTUd2d2RYNC1hYjh2Rld6a21VeEhwSHBDYkZKVktRb1NLR01WTkJ4TDB1UnRKM0U3R2x0S1NMeENwMDAwQVJxWkxHMVhxR0U0N0lWbG9ydzQ4S2pIWDVydWgzQ0tDeFlyNklYbjRncHBENFVYcDZLX1p2YXoxX21Md2c?oc=5\" target=\"_blank\" rel=\"nofollow noopener\">Mercado oficial: V. Guimar\u00e3es anuncia refor\u00e7o para o ataque<\/a>&nbsp;&nbsp;A Bola<\/li>\n<li><a href=\"https:\/\/news.google.com\/rss\/articles\/CBMitgFBVV95cUxNV0tiSmhxQ2c4dU5BQjhSN2ZybUhTbDdXRy1HSzRtMURrQ3M1ODk4WnBNWGRyY3Q1dHJFSlY0SGotcWthdjlRQjE3MXRiWElnalBJaGkwbUtTcWt5WkZNaVduQXEwWDNFUUpjZnFhcEdoQ1kzZWM2U1ViX3htMlRycDUtNXZXZWtKclV3bzBxY3hzMXhNLUFjWnBrcG1BY1hOLU1QZXltemNBV1NnTnBWcU5NaVduZw?oc=5\" target=\"_blank\" rel=\"nofollow noopener\">V. Guimar\u00e3es oficializa contrata\u00e7\u00e3o de avan\u00e7ado senegal\u00eas<\/a>&nbsp;&nbsp;Sportinforma<\/li>\n<li><a href=\"https:\/\/news.google.com\/rss\/articles\/CBMiqwFBVV95cUxOd29zeHM4aUd2ZmdZdXl6QkFjNjQtbGxHMTNTaTg2N3hlbkVkNkhEWWgycHFreVpSZ3gydy13MmhCVzhKRm9qYkxYNUl2aFhDOUtuc01KMHJBSDR5R2I1aTc0bzVEUUVHNnhDTHlCYnVydXZjeXRQQl92YzAwUjgwN254VDZRWkpyUm4tUmE3Qm1PZldwd2ZyMFJpY1BiWkd1TkVyTnZlTXFKYUU?oc=5\" target=\"_blank\" rel=\"nofollow noopener\">Alioune Ndoye confirmado como refor\u00e7o do Vit\u00f3ria SC<\/a>&nbsp;&nbsp;Bola na Rede<\/li>\n<li><a href=\"https:\/\/news.google.com\/rss\/articles\/CBMic0FVX3lxTE9MNEVZcFRMbHBONW5nZmx2UnphZGpYN1JlZmFFci1rYzFRZ1NuR05mZnhqeHNoTEZraXRySTEtdTNsU2RzTG11T2ZmMkdzQ080aGpiYURXaWdNalp4NFdzc3dOQ2J1bXZCVEF5Z3ZFZ2VJSGs?oc=5\" target=\"_blank\" rel=\"nofollow noopener\">Alioune Ndoye &#8211; Vit\u00f3ria SC &#8211; Ficha e Estat\u00edsticas do Jogador<\/a>&nbsp;&nbsp;zerozero.pt<\/li>\n<\/ol>\n","protected":false},"excerpt":{"rendered":"Vit\u00f3ria SC oficializa contrata\u00e7\u00e3o de avan\u00e7ado&nbsp;&nbsp;zerozero.pt Mercado oficial: V. Guimar\u00e3es anuncia refor\u00e7o para o ataque&nbsp;&nbsp;A Bola V. Guimar\u00e3es&hellip;\n","protected":false},"author":2,"featured_media":15952,"comment_status":"","ping_status":"","sticky":false,"template":"","format":"standard","meta":{"footnotes":""},"categories":[87],"tags":[135,526,524,13,32,33,527,525,134,523],"class_list":{"0":"post-15951","1":"post","2":"type-post","3":"status-publish","4":"format-standard","5":"has-post-thumbnail","7":"category-desporto","8":"tag-desporto","9":"tag-football","10":"tag-futebol","11":"tag-noticias","12":"tag-portugal","13":"tag-pt","14":"tag-resultados","15":"tag-soccer","16":"tag-sports","17":"tag-zerozero"},"share_on_mastodon":{"url":"","error":""},"_links":{"self":[{"href":"https:\/\/www.europesays.com\/pt\/wp-json\/wp\/v2\/posts\/15951","targetHints":{"allow":["GET"]}}],"collection":[{"href":"https:\/\/www.europesays.com\/pt\/wp-json\/wp\/v2\/posts"}],"about":[{"href":"https:\/\/www.europesays.com\/pt\/wp-json\/wp\/v2\/types\/post"}],"author":[{"embeddable":true,"href":"https:\/\/www.europesays.com\/pt\/wp-json\/wp\/v2\/users\/2"}],"replies":[{"embeddable":true,"href":"https:\/\/www.europesays.com\/pt\/wp-json\/wp\/v2\/comments?post=15951"}],"version-history":[{"count":0,"href":"https:\/\/www.europesays.com\/pt\/wp-json\/wp\/v2\/posts\/15951\/revisions"}],"wp:featuredmedia":[{"embeddable":true,"href":"https:\/\/www.europesays.com\/pt\/wp-json\/wp\/v2\/media\/15952"}],"wp:attachment":[{"href":"https:\/\/www.europesays.com\/pt\/wp-json\/wp\/v2\/media?parent=15951"}],"wp:term":[{"taxonomy":"category","embeddable":true,"href":"https:\/\/www.europesays.com\/pt\/wp-json\/wp\/v2\/categories?post=15951"},{"taxonomy":"post_tag","embeddable":true,"href":"https:\/\/www.europesays.com\/pt\/wp-json\/wp\/v2\/tags?post=15951"}],"curies":[{"name":"wp","href":"https:\/\/api.w.org\/{rel}","templated":true}]}}