{"id":159510,"date":"2025-11-21T02:05:28","date_gmt":"2025-11-21T02:05:28","guid":{"rendered":"https:\/\/www.europesays.com\/pt\/159510\/"},"modified":"2025-11-21T02:05:28","modified_gmt":"2025-11-21T02:05:28","slug":"varias-ruas-portuguesas-voltam-a-ficar-sem-luz-no-domingo-confere-se-a-tua-morada-esta-na-lista-away-iol","status":"publish","type":"post","link":"https:\/\/www.europesays.com\/pt\/159510\/","title":{"rendered":"V\u00e1rias ruas portuguesas voltam a ficar sem luz no domingo. Confere se a tua morada est\u00e1 na lista &#8211; AWAY IOL"},"content":{"rendered":"<ol>\n<li><a href=\"https:\/\/news.google.com\/rss\/articles\/CBMi_wFBVV95cUxNRkJRU2VkTHJqOUp2YzdKU1UzZDJaRjBab1MzMjR4R3daWXBQcDdYdWU0WDVBXzAyM2J2RW93enRsWjlMR2V5NEZndXlrMDJpekg4cXJmLW9JUzZzTVNLUnFqM0JuMkxvWTRHZ01VcmE4OVVTTlI1NUI3NzZXS0FJbFZOQjFDMS1rQ2NCa0pzN2RraE9DVDM2ZHdyMGJCWVBya1V2QmVUN1ZDMmluUHJNUzllRFMwX1ppYkdBajIwTldtbl9IajNHSEV6cURJVi1zb3k3a3VPVjZ3YnVrQ09IaU9zcENmeWhkOWozNWdJSks0dTlEZ3B2OE1kRHNLMVnSAYQCQVVfeXFMTmM1WW95LWVDZ25tYWJRbVdGU1lzYXJtNmRrZGVwOTdTZU9SVU5WZVZPcUZMVTVxMk1qTzNKQVhmeGJmWUlvWHE2SGgzWkVlZWUtOUZlTVQ5eW5SSGxVd0tVQkJaWUxyUGN0VlM1dnk0TWRQY1J5bXJSaUZjcHUzVFJUQjlUbG1xeUtWN3BjVm1fVzREeTlDMm91VXBjeDhNY3BJR1B1NzhVQ01yWGlGdkV1MXNnanlWVVlOV0VHUnFWbEphWWtCcF82RHRkWWh3X0ZkWWVUSnRqNGthYmpjbXFRQjN2VTNfakRwV2lhSFFqNDNHYjdCOGFDSUswODZ5RkVQeEQ?oc=5\" target=\"_blank\" rel=\"nofollow noopener\">V\u00e1rias ruas portuguesas voltam a ficar sem luz no domingo. Confere se a tua morada est\u00e1 na lista<\/a>&nbsp;&nbsp;AWAY IOL<\/li>\n<li><a href=\"https:\/\/news.google.com\/rss\/articles\/CBMitAFBVV95cUxNSFVNMXowQ3FycEVzN1hMY3lHMVpINm5IeThJTnFNcUZ4eWx5dlBEUDE0S1JZS2ZucU9uNGFHT3k4bHpMY19ZVFJjMXhxWS1obVZpcVN0N2M1SGhUMDc2QWlZUzR1S3RBa2lOQkpKVmVHcXpyRmZEU0poZF9xS1hpSFZoSnU5YmpoUnJqdTdENGZmZUgtX19pcWdzc0RpNHBnT2phazZIR09MempRcHR1QjZJSzk?oc=5\" target=\"_blank\" rel=\"nofollow noopener\">Tr\u00eas concelhos ter\u00e3o cortes na rede el\u00e9trica na manh\u00e3 de domingo<\/a>&nbsp;&nbsp;A Bola<\/li>\n<li><a href=\"https:\/\/news.google.com\/rss\/articles\/CBMi0AFBVV95cUxNNUJtUFU5Wl9SNWEwYThReHgxLXRxV0xyQXdOT3RlSjJTTFJwNGVpN0pzdWNiVUhVcU1sQlpSM1dZNm9GZTJKbDBxbFJsZk12X1ZKcmt6cDF5dEpObmMxYkg4TnUzb014aUpNajJfM1VFNmRSdXVUUWVHLUxZS1psSFdGRVFqM1Aybl9FQlU0MWtJMW1STlVMLTF2QXd2RzRBNWMxRFE1N0J6MEdvZGZxd2daNHU2RFlyLUx5UXY5SklkODgtWElmUEhUX0pjSGpk?oc=5\" target=\"_blank\" rel=\"nofollow noopener\">Este domingo h\u00e1 interrup\u00e7\u00e3o pontual do fornecimento de energia el\u00e9trica em Vilamoura e Quarteira<\/a>&nbsp;&nbsp;diariOnline Regi\u00e3o Sul<\/li>\n<li><a href=\"https:\/\/news.google.com\/rss\/articles\/CBMi4gFBVV95cUxQOG1XRldmQmJkam1wWFlSSFZZejlrUjczTERfdTRGLW5sY2lWclk4aFN2VVlhSXVXbFdOcmwyR0ZZaEdfM3ZPaHZKX3NZeXB5WkZFalpLeldSYURIMjVYWFBRSy1TWkNHeUdiWDM0UWtmYlJCd21ib0xRZEtYLVQxa2VWeE9IaU5kX05DaHdlT1l3SWpLbjdkLWVZbHB0RHA4TzFGNTRlUDMzNExSbWZQXzVLN05PQVBBZmg4UEVkZDZNamlXOUdtUUpVaHhfSjN6bFo1d0xRMFdOUGxYdWVzeTF3?oc=5\" target=\"_blank\" rel=\"nofollow noopener\">AVISO | Interrup\u00e7\u00e3o tempor\u00e1ria de eletricidade em S. Jo\u00e3o das Lampas dia 16 de novembro<\/a>&nbsp;&nbsp;C\u00e2mara Municipal de Sintra<\/li>\n<li><a href=\"https:\/\/news.google.com\/rss\/articles\/CBMitgFBVV95cUxNcXl2cDdjLVZQZ29ua09BektxS0UwT2FzWGhhZ2drd1lBcFZnSWRlNE56OHpQMjdZaXNHTFRlcnBzWlJQT0w4b0lJR2d0RklnRXo4Y1ZxcEZZeTlQZzJpajJZNDQtODZ4b3ZJQldnUTJXS25DZDlULVp4ZVR0czMwZ1lIM2E3Ym5LNVp4WXRSaFBnaTNndkdiTzZqNnlRTDlIT1ZNbHdGbmkzNjdmd1BodTB1Y3hoQQ?oc=5\" target=\"_blank\" rel=\"nofollow noopener\">Cortes de luz em Portugal: saiba como prevenir e proteger a sua casa e os seus aparelhos<\/a>&nbsp;&nbsp;postal.pt<\/li>\n<\/ol>\n","protected":false},"excerpt":{"rendered":"V\u00e1rias ruas portuguesas voltam a ficar sem luz no domingo. Confere se a tua morada est\u00e1 na lista&nbsp;&nbsp;AWAY&hellip;\n","protected":false},"author":2,"featured_media":156794,"comment_status":"","ping_status":"","sticky":false,"template":"","format":"standard","meta":{"footnotes":""},"categories":[8],"tags":[27,28,15,16,14,25,26,21,22,12,13,19,20,32,23,24,33,17,18,29,30,31],"class_list":{"0":"post-159510","1":"post","2":"type-post","3":"status-publish","4":"format-standard","5":"has-post-thumbnail","7":"category-principais-noticias","8":"tag-breaking-news","9":"tag-breakingnews","10":"tag-featured-news","11":"tag-featurednews","12":"tag-headlines","13":"tag-latest-news","14":"tag-latestnews","15":"tag-main-news","16":"tag-mainnews","17":"tag-news","18":"tag-noticias","19":"tag-noticias-principais","20":"tag-noticiasprincipais","21":"tag-portugal","22":"tag-principais-noticias","23":"tag-principaisnoticias","24":"tag-pt","25":"tag-top-stories","26":"tag-topstories","27":"tag-ultimas","28":"tag-ultimas-noticias","29":"tag-ultimasnoticias"},"share_on_mastodon":{"url":"https:\/\/pubeurope.com\/@pt\/115585241863398916","error":""},"_links":{"self":[{"href":"https:\/\/www.europesays.com\/pt\/wp-json\/wp\/v2\/posts\/159510","targetHints":{"allow":["GET"]}}],"collection":[{"href":"https:\/\/www.europesays.com\/pt\/wp-json\/wp\/v2\/posts"}],"about":[{"href":"https:\/\/www.europesays.com\/pt\/wp-json\/wp\/v2\/types\/post"}],"author":[{"embeddable":true,"href":"https:\/\/www.europesays.com\/pt\/wp-json\/wp\/v2\/users\/2"}],"replies":[{"embeddable":true,"href":"https:\/\/www.europesays.com\/pt\/wp-json\/wp\/v2\/comments?post=159510"}],"version-history":[{"count":0,"href":"https:\/\/www.europesays.com\/pt\/wp-json\/wp\/v2\/posts\/159510\/revisions"}],"wp:featuredmedia":[{"embeddable":true,"href":"https:\/\/www.europesays.com\/pt\/wp-json\/wp\/v2\/media\/156794"}],"wp:attachment":[{"href":"https:\/\/www.europesays.com\/pt\/wp-json\/wp\/v2\/media?parent=159510"}],"wp:term":[{"taxonomy":"category","embeddable":true,"href":"https:\/\/www.europesays.com\/pt\/wp-json\/wp\/v2\/categories?post=159510"},{"taxonomy":"post_tag","embeddable":true,"href":"https:\/\/www.europesays.com\/pt\/wp-json\/wp\/v2\/tags?post=159510"}],"curies":[{"name":"wp","href":"https:\/\/api.w.org\/{rel}","templated":true}]}}