{"id":159513,"date":"2025-11-21T02:10:02","date_gmt":"2025-11-21T02:10:02","guid":{"rendered":"https:\/\/www.europesays.com\/pt\/159513\/"},"modified":"2025-11-21T02:10:02","modified_gmt":"2025-11-21T02:10:02","slug":"saiba-quais-sao-os-programas-mais-vistos-de-globo-record-sbt-band-e-redetv-em-todo-o-pais","status":"publish","type":"post","link":"https:\/\/www.europesays.com\/pt\/159513\/","title":{"rendered":"Saiba quais s\u00e3o os programas mais vistos de Globo, Record, SBT, Band e RedeTV! em todo o pa\u00eds"},"content":{"rendered":"<p>O Jornal Nacional \u00e9 a atra\u00e7\u00e3o mais assistida no PNT (Painel Nacional de Televis\u00e3o) desde o fim de Vale Tudo na Globo.\u00a0Seus principais notici\u00e1rios\u00a0tamb\u00e9m seguem encabe\u00e7ando o ranking da Record e da Band, enquanto no SBT ele \u00e9 formado por atra\u00e7\u00f5es dominicais. Na RedeTV!, quem se destacou foi o jogo do acesso do Coritiba contra o Athletic pela S\u00e9rie B.<\/p>\n<p>Os dados da Kantar Ibope dizem respeito \u00e0 semana de\u00a010 a 16 de novembro. Cada ponto equivale a 270.631 domic\u00edlios e 692.281 indiv\u00edduos. O PNT abrange 15 pra\u00e7as: S\u00e3o Paulo, Campinas, Rio de Janeiro, Belo Horizonte, Vit\u00f3ria, Porto Alegre, Curitiba, Florian\u00f3polis, Goi\u00e2nia, Distrito Federal, Salvador, Fortaleza, Recife, Bel\u00e9m e Manaus.<\/p>\n<p>+\u00a0<a href=\"https:\/\/natelinha.uol.com.br\/famosos\/2025\/11\/19\/ex-gala-da-globo-nico-puig-revela-ameaca-que-nao-foi-ao-ar-em-o-aprendiz-234116.php\" rel=\"nofollow noopener\" target=\"_blank\">Ex-gal\u00e3 da Globo, Nico Puig revela amea\u00e7a que n\u00e3o foi ao ar em O Aprendiz<\/a><\/p>\n<p>continua depois da publicidade<\/p>\n<p>+\u00a0<a href=\"https:\/\/natelinha.uol.com.br\/televisao\/2025\/11\/19\/antes-de-demitir-rinaldi-faria-ceo-do-sbt-se-reuniu-com-2-executivos-de-tv-234115.php\" rel=\"nofollow noopener\" target=\"_blank\">Antes de demitir Rinaldi Faria, CEO do SBT se reuniu com 2 executivos de TV<\/a><\/p>\n<p>O futebol ainda apareceu na Globo fechando a lista de programas mais vistos. A vit\u00f3ria do Brasil contra Senegal rendeu 17,9 pontos.<\/p>\n<p><strong>Confira o top 10 da Kantar Ibope de\u00a010 a 16 de novembro:<\/strong><\/p>\n<tr style=\"height: 77px;\">\n<img decoding=\"async\" loading=\"lazy\" class=\"horizontal\" src=\"https:\/\/www.europesays.com\/pt\/wp-content\/uploads\/2025\/08\/globo.webp.webp\" alt=\"Logo Globo\" width=\"42\" height=\"42\"\/>\u00a0<br \/>\n<\/tr>\n<tr style=\"height: 49px;\">\n<td style=\"height: 49px;\">Jornal Nacional<\/td>\n<td style=\"height: 49px;\">23,9<\/td>\n<\/tr>\n<tr style=\"height: 49px;\">\n<td style=\"height: 49px;\">Dona de Mim<\/td>\n<td style=\"height: 49px;\">23,2<\/td>\n<\/tr>\n<tr style=\"height: 49px;\">\n<td style=\"height: 49px;\">Pra\u00e7a TV 2\u00aa Edi\u00e7\u00e3o<\/td>\n<td style=\"height: 49px;\">23,0<\/td>\n<\/tr>\n<tr style=\"height: 49px;\">\n<td style=\"height: 49px;\">Tr\u00eas Gra\u00e7as<\/td>\n<td style=\"height: 49px;\">22,7<\/td>\n<\/tr>\n<tr style=\"height: 49px;\">\n<td style=\"height: 49px;\">\u00cata Mundo Melhor<\/td>\n<td style=\"height: 49px;\">20,1<\/td>\n<\/tr>\n<tr style=\"height: 49px;\">\n<td style=\"height: 49px;\">Pra\u00e7a TV 2\u00aa Edi\u00e7\u00e3o (s\u00e1bado)<\/td>\n<td style=\"height: 49px;\">19,7<\/td>\n<\/tr>\n<tr style=\"height: 49px;\">\n<td style=\"height: 49px;\">Jornal Nacional (s\u00e1bado)<\/td>\n<td style=\"height: 49px;\">19,2<\/td>\n<\/tr>\n<tr style=\"height: 49px;\">\n<td style=\"height: 49px;\">Dona de Mim (s\u00e1bado)<\/td>\n<td style=\"height: 49px;\">19,1<\/td>\n<\/tr>\n<tr style=\"height: 49px;\">\n<td style=\"height: 49px;\">Tr\u00eas Gra\u00e7as (s\u00e1bado)<\/td>\n<td style=\"height: 49px;\">18,0<\/td>\n<\/tr>\n<tr style=\"height: 49px;\">\n<td style=\"height: 49px;\">Amistoso da Sele\u00e7\u00e3o: Brasil x Senegal<\/td>\n<td style=\"height: 49px;\">17,9<\/td>\n<\/tr>\n<tr>\n<img decoding=\"async\" loading=\"lazy\" class=\"horizontal\" src=\"https:\/\/www.europesays.com\/pt\/wp-content\/uploads\/2025\/08\/record.webp.webp\" alt=\"Logo Record\" width=\"42\" height=\"42\"\/><br \/>\n<\/tr>\n<tr>\n<td>Jornal da Record<\/td>\n<td>6,6<\/td>\n<\/tr>\n<tr>\n<td>Domingo Espetacular<\/td>\n<td>6,4<\/td>\n<\/tr>\n<tr>\n<td>M\u00e3e<\/td>\n<td>5,8<\/td>\n<\/tr>\n<tr>\n<td>A Fazenda<\/td>\n<td>5,7<\/td>\n<\/tr>\n<tr>\n<td>Religioso Vespertino<\/td>\n<td>5,5<\/td>\n<\/tr>\n<tr>\n<td>Acerte ou Caia!<\/td>\n<td>5,1<\/td>\n<\/tr>\n<tr>\n<td>Cidade Alerta<\/td>\n<td>4,8<\/td>\n<\/tr>\n<tr>\n<td>Reis<\/td>\n<td>4,6<\/td>\n<\/tr>\n<tr>\n<td>Cidade Alerta (s\u00e1bado)<\/td>\n<td>4,2<\/td>\n<\/tr>\n<tr>\n<td>JR 24h (vespertino)<\/td>\n<td>4,2<\/td>\n<\/tr>\n<tr>\n<img decoding=\"async\" loading=\"lazy\" class=\"horizontal\" src=\"https:\/\/www.europesays.com\/pt\/wp-content\/uploads\/2025\/08\/sbt.webp.webp\" alt=\"Logo SBT\" width=\"42\" height=\"42\"\/>\u00a0<br \/>\n<\/tr>\n<tr>\n<td>Domingo Legal II<\/td>\n<td>6,1<\/td>\n<\/tr>\n<tr>\n<td>Programa Silvio Santos<\/td>\n<td>5,8<\/td>\n<\/tr>\n<tr>\n<td>Domingo Legal III<\/td>\n<td>5,0<\/td>\n<\/tr>\n<tr>\n<td>Roda a Roda<\/td>\n<td>4,9<\/td>\n<\/tr>\n<tr>\n<td>Domingo Legal I<\/td>\n<td>4,8<\/td>\n<\/tr>\n<tr>\n<td>Maria do Bairro<\/td>\n<td>3,7<\/td>\n<\/tr>\n<tr>\n<td>A Pra\u00e7a \u00c9 Nossa<\/td>\n<td>3,4<\/td>\n<\/tr>\n<tr>\n<td>Esmeralda<\/td>\n<td>3,3<\/td>\n<\/tr>\n<tr>\n<td>Programa do Ratinho<\/td>\n<td>3,2<\/td>\n<\/tr>\n<tr>\n<td>The Voice Brasil<\/td>\n<td>3,0<\/td>\n<\/tr>\n<tr>\n\u00a0<img decoding=\"async\" loading=\"lazy\" class=\"horizontal\" src=\"https:\/\/www.europesays.com\/pt\/wp-content\/uploads\/2025\/08\/band.webp.webp\" alt=\"Logo Band\" width=\"42\" height=\"42\"\/>\u00a0<br \/>\n<\/tr>\n<tr>\n<td>Jornal da Band<\/td>\n<td>2,1<\/td>\n<\/tr>\n<tr>\n<td>Brasil Urgente (s\u00e1bado, local)<\/td>\n<td>1,5<\/td>\n<\/tr>\n<tr>\n<td>Brasil Urgente I<\/td>\n<td>1,3<\/td>\n<\/tr>\n<tr>\n<td>Cruel Istambul<\/td>\n<td>1,2<\/td>\n<\/tr>\n<tr>\n<td>Jogo Aberto (manh\u00e3)<\/td>\n<td>1,1<\/td>\n<\/tr>\n<tr>\n<td>Perrengue na Band<\/td>\n<td>1,1<\/td>\n<\/tr>\n<tr>\n<td>Brasil Urgente (s\u00e1bado)<\/td>\n<td>1,1<\/td>\n<\/tr>\n<tr>\n<td>Apito Final<\/td>\n<td>0,9<\/td>\n<\/tr>\n<tr>\n<td>MasterChef Confeitaria 2<\/td>\n<td>0,9<\/td>\n<\/tr>\n<tr>\n<td>Show do Esporte<\/td>\n<td>0,9<\/td>\n<\/tr>\n<tr>\n\u00a0<img decoding=\"async\" loading=\"lazy\" class=\"horizontal\" src=\"https:\/\/www.europesays.com\/pt\/wp-content\/uploads\/2025\/11\/logo-redetv_5023.jpeg\" alt=\"Saiba quais s\u00e3o os programas mais vistos de Globo, Record, SBT, Band e RedeTV! em todo o pa\u00eds\"\/>\u00a0<br \/>\n<\/tr>\n<tr>\n<td>Campeonato Brasileiro S\u00e9rie B: Coritiba x Athletic<\/td>\n<td>0,9<\/td>\n<\/tr>\n<tr>\n<td>A Tarde \u00c9 Sua<\/td>\n<td>0,7<\/td>\n<\/tr>\n<tr>\n<td>Opera\u00e7\u00e3o de Risco I<\/td>\n<td>0,6<\/td>\n<\/tr>\n<tr>\n<td>Opera\u00e7\u00e3o de Risco II<\/td>\n<td>0,6<\/td>\n<\/tr>\n<tr>\n<td>Sensacional<\/td>\n<td>0,6<\/td>\n<\/tr>\n<tr>\n<td>Para Aqui<\/td>\n<td>0,5<\/td>\n<\/tr>\n<tr>\n<td>Opera\u00e7\u00e3o de Risco<\/td>\n<td>0,5<\/td>\n<\/tr>\n<tr>\n<td>TV Fama<\/td>\n<td>0,5<\/td>\n<\/tr>\n<tr>\n<td>TV Fama II<\/td>\n<td>0,5<\/td>\n<\/tr>\n<tr>\n<td>Mega Sonho<\/td>\n<td>0,4<\/td>\n<\/tr>\n","protected":false},"excerpt":{"rendered":"O Jornal Nacional \u00e9 a atra\u00e7\u00e3o mais assistida no PNT (Painel Nacional de Televis\u00e3o) desde o fim de&hellip;\n","protected":false},"author":2,"featured_media":159514,"comment_status":"","ping_status":"","sticky":false,"template":"","format":"standard","meta":{"footnotes":""},"categories":[142],"tags":[114,115,753,32,33,2568,936,151],"class_list":{"0":"post-159513","1":"post","2":"type-post","3":"status-publish","4":"format-standard","5":"has-post-thumbnail","7":"category-tv","8":"tag-entertainment","9":"tag-entretenimento","10":"tag-globo","11":"tag-portugal","12":"tag-pt","13":"tag-record","14":"tag-sbt","15":"tag-tv"},"share_on_mastodon":{"url":"https:\/\/pubeurope.com\/@pt\/115585261866590558","error":""},"_links":{"self":[{"href":"https:\/\/www.europesays.com\/pt\/wp-json\/wp\/v2\/posts\/159513","targetHints":{"allow":["GET"]}}],"collection":[{"href":"https:\/\/www.europesays.com\/pt\/wp-json\/wp\/v2\/posts"}],"about":[{"href":"https:\/\/www.europesays.com\/pt\/wp-json\/wp\/v2\/types\/post"}],"author":[{"embeddable":true,"href":"https:\/\/www.europesays.com\/pt\/wp-json\/wp\/v2\/users\/2"}],"replies":[{"embeddable":true,"href":"https:\/\/www.europesays.com\/pt\/wp-json\/wp\/v2\/comments?post=159513"}],"version-history":[{"count":0,"href":"https:\/\/www.europesays.com\/pt\/wp-json\/wp\/v2\/posts\/159513\/revisions"}],"wp:featuredmedia":[{"embeddable":true,"href":"https:\/\/www.europesays.com\/pt\/wp-json\/wp\/v2\/media\/159514"}],"wp:attachment":[{"href":"https:\/\/www.europesays.com\/pt\/wp-json\/wp\/v2\/media?parent=159513"}],"wp:term":[{"taxonomy":"category","embeddable":true,"href":"https:\/\/www.europesays.com\/pt\/wp-json\/wp\/v2\/categories?post=159513"},{"taxonomy":"post_tag","embeddable":true,"href":"https:\/\/www.europesays.com\/pt\/wp-json\/wp\/v2\/tags?post=159513"}],"curies":[{"name":"wp","href":"https:\/\/api.w.org\/{rel}","templated":true}]}}