{"id":159515,"date":"2025-11-21T02:11:17","date_gmt":"2025-11-21T02:11:17","guid":{"rendered":"https:\/\/www.europesays.com\/pt\/159515\/"},"modified":"2025-11-21T02:11:17","modified_gmt":"2025-11-21T02:11:17","slug":"impasse-com-credores-faz-empresa-desistir-de-investimento-na-saf-do-parana-clube-cbn-curitiba-a-radio-que-toca-noticia","status":"publish","type":"post","link":"https:\/\/www.europesays.com\/pt\/159515\/","title":{"rendered":"Impasse com credores faz empresa desistir de investimento na SAF do Paran\u00e1 Clube \u2013 CBN Curitiba \u2013 A R\u00e1dio Que Toca Not\u00edcia"},"content":{"rendered":"<p>A Nextplay retirou nesta quarta-feira (19) a proposta de investimentos em a\u00e7\u00f5es da sociedade an\u00f4nima do futebol (SAF) do Paran\u00e1 Clube, ap\u00f3s uma s\u00e9rie de diverg\u00eancias com os credores da institui\u00e7\u00e3o em rela\u00e7\u00e3o a um plano de pagamentos de d\u00edvidas. Durante uma assembleia, os credores fizeram exig\u00eancias com as quais n\u00e3o concordou a empresa liderada pelo economista Pedro Weber, que administrou o Azuriz, time de Pato Branco, entre 2018 e 2022.<\/p>\n<p>Mais de 600 milh\u00f5es<\/p>\n<p>Atrav\u00e9s de nota oficial, o Paran\u00e1 lamentou a situa\u00e7\u00e3o e afirmou que a NextPlay pretendia investir inicialmente R$ 210 milh\u00f5es e que, conforme o desempenho, o montante poderia chegar a R$ 687 milh\u00f5es. A parceria, caso se concretizasse, valeria por dez anos.<\/p>\n<p>Recupera\u00e7\u00e3o judicial<\/p>\n<p>Na reuni\u00e3o desta quinta, os credores aprovaram um plano relativo ao processo de recupera\u00e7\u00e3o judicial do Paran\u00e1. Por\u00e9m, segundo o clube, o texto causa inseguran\u00e7a jur\u00eddica e afasta investidores.<\/p>\n<p>No momento, n\u00e3o h\u00e1 nenhuma proposta pela SAF paranista.<\/p>\n<p><strong>SAIBA MAIS:<\/strong><\/p>\n","protected":false},"excerpt":{"rendered":"A Nextplay retirou nesta quarta-feira (19) a proposta de investimentos em a\u00e7\u00f5es da sociedade an\u00f4nima do futebol (SAF)&hellip;\n","protected":false},"author":2,"featured_media":159516,"comment_status":"","ping_status":"","sticky":false,"template":"","format":"standard","meta":{"footnotes":""},"categories":[141],"tags":[114,115,149,150,32,33],"class_list":{"0":"post-159515","1":"post","2":"type-post","3":"status-publish","4":"format-standard","5":"has-post-thumbnail","7":"category-musica","8":"tag-entertainment","9":"tag-entretenimento","10":"tag-music","11":"tag-musica","12":"tag-portugal","13":"tag-pt"},"share_on_mastodon":{"url":"https:\/\/pubeurope.com\/@pt\/115585265322609805","error":""},"_links":{"self":[{"href":"https:\/\/www.europesays.com\/pt\/wp-json\/wp\/v2\/posts\/159515","targetHints":{"allow":["GET"]}}],"collection":[{"href":"https:\/\/www.europesays.com\/pt\/wp-json\/wp\/v2\/posts"}],"about":[{"href":"https:\/\/www.europesays.com\/pt\/wp-json\/wp\/v2\/types\/post"}],"author":[{"embeddable":true,"href":"https:\/\/www.europesays.com\/pt\/wp-json\/wp\/v2\/users\/2"}],"replies":[{"embeddable":true,"href":"https:\/\/www.europesays.com\/pt\/wp-json\/wp\/v2\/comments?post=159515"}],"version-history":[{"count":0,"href":"https:\/\/www.europesays.com\/pt\/wp-json\/wp\/v2\/posts\/159515\/revisions"}],"wp:featuredmedia":[{"embeddable":true,"href":"https:\/\/www.europesays.com\/pt\/wp-json\/wp\/v2\/media\/159516"}],"wp:attachment":[{"href":"https:\/\/www.europesays.com\/pt\/wp-json\/wp\/v2\/media?parent=159515"}],"wp:term":[{"taxonomy":"category","embeddable":true,"href":"https:\/\/www.europesays.com\/pt\/wp-json\/wp\/v2\/categories?post=159515"},{"taxonomy":"post_tag","embeddable":true,"href":"https:\/\/www.europesays.com\/pt\/wp-json\/wp\/v2\/tags?post=159515"}],"curies":[{"name":"wp","href":"https:\/\/api.w.org\/{rel}","templated":true}]}}