{"id":159517,"date":"2025-11-21T02:14:11","date_gmt":"2025-11-21T02:14:11","guid":{"rendered":"https:\/\/www.europesays.com\/pt\/159517\/"},"modified":"2025-11-21T02:14:11","modified_gmt":"2025-11-21T02:14:11","slug":"resident-evil-zach-cregger-nunca-viu-um-filme-da-franquia","status":"publish","type":"post","link":"https:\/\/www.europesays.com\/pt\/159517\/","title":{"rendered":"Resident Evil | Zach Cregger nunca viu um filme da franquia"},"content":{"rendered":"<p>  <img decoding=\"async\" src=\"https:\/\/cdn.ome.lt\/static\/omelete\/img\/loading.svg\" alt=\"\"\/><\/p>\n<p>  <img decoding=\"async\" class=\"article__cover__image\" data-lazy-src-mob=\"\/\/cdn.ome.lt\/h2dnqBp3fwjGyYK4dD_wz9D9JQA=\/570x0\/smart\/filters:format(webp)\/uploads\/conteudo\/fotos\/weapons_06de71.png.webp\" data-lazy-src=\"https:\/\/cdn.ome.lt\/2nuk9ZbygIEwiMcC9eMIuqHL9YU=\/987x0\/smart\/filters:format(webp)\/uploads\/conteudo\/fotos\/weapons_06de71.png.webp\" src=\"data:image\/png;base64,iVBORw0KGgoAAAANSUhEUgAAAAEAAAABCAQAAAC1HAwCAAAAC0lEQVR42mNkYAAAAAYAAjCB0C8AAAAASUVORK5CYII=\" alt=\"Resident Evil | Zach Cregger nunca viu os filmes, mas \u00e9 &quot;mega f\u00e3&quot; dos games\" title=\"Imagem dos bastidores de A Hora do Mal, mais recente filme de Zach Cregger\" width=\"987\" height=\"555\" fetchpriority=\"high\"\/><\/p>\n<p class=\"article__cover__credits\">\n  Cr\u00e9ditos da imagem:<br \/>\n  Imagem dos bastidores de A Hora do Mal, mais recente filme de Zach Cregger\n<\/p>\n<p>O novo filme de\u00a0<strong><a href=\"https:\/\/www.omelete.com.br\/busca?q=resident+evil\" rel=\"nofollow noopener\" target=\"_blank\">Resident Evil<\/a><\/strong><a href=\"https:\/\/www.omelete.com.br\/busca?q=resident+evil\" rel=\"nofollow noopener\" target=\"_blank\">,<\/a> dirigido por <strong>Zach Cregger<\/strong> (A Hora do Mal e Noites Brutais), est\u00e1 em produ\u00e7\u00e3o agora e o diretor falou um pouco sobre o processo e sua intimidade com a franquia no <a href=\"https:\/\/deadline.com\/2025\/11\/zach-cregger-weapons-gladys-movie-resident-evil-interview-1236625248\/\" rel=\"nofollow noopener\" target=\"_blank\">podcast Call Crew, do Deadline<\/a>.<\/p>\n<blockquote>\n<p>&#8220;Eu nunca vi um filme de Resident Evil na vida, mas eu joguei os jogos religiosamente. Sou um f\u00e3 e tenho intimidade com o ritmo e a narrativa da s\u00e9rie. Existe algo sobre a estrutura, o ritmo desses jogos que sempre me soaram muito cinematogr\u00e1ficos. Eu nunca vi um filme que abra\u00e7ou essa parte dos jogos. Eu estou muito empolgado de fazer, pois amo o suspense e terror lento que vai aumentando que est\u00e1 no DNA da franquia. E a ideia de poder fazer uma estrutura de game em um filme \u00e9 empolgante. Eu acho que esse filme j\u00e1 deveria ter sido feito h\u00e1 muito tempo, n\u00e3o sei porque n\u00e3o fizeram &#8211; e me sinto honrado. Ainda estamos no processo de produ\u00e7\u00e3o, mas eu posso dizer que estou muito empolgado com a hist\u00f3ria&#8221;, disse.<\/p>\n<\/blockquote>\n<p>            Continua depois da Publicidade<\/p>\n<p>Vale lembrar que Cregger j\u00e1 comentou que o longa n\u00e3o ser\u00e1 uma adapta\u00e7\u00e3o direta dos jogos da Capcom, e sim uma hist\u00f3ria nova que se passa no mesmo universo. Ao mesmo tempo que confirmou que ser\u00e1 uma trama simples, sobre uma pessoa indo do ponto A ao ponto B.<\/p>\n<p>    Tudo sobre o novo\u00a0Resident Evil\u00a0<\/p>\n<p>Resident Evil\u00a0deve chegar aos cinemas em 18 de setembro de 2026, com\u00a0<strong>Shay Hatten<\/strong>\u00a0(Bailarina,\u00a0John Wick 3\u00a0e\u00a04),\u00a0cuidando do roteiro. Recentemente, foi revelado que a Sony recusou\u00a0uma oferta bilion\u00e1ria da\u00a0Warner Bros. Discovery\u00a0para adquirir os direitos da franquia\u00a0Resident Evil. O est\u00fadio, que produziu e distribuiu os seis filmes anteriores estrelados por <strong>Milla Jovovich<\/strong>, recusou a proposta e mostrou ainda ter confian\u00e7a que novos lan\u00e7amentos ter\u00e3o retorno financeiro assegurados.<\/p>\n<p>O elenco de <strong>Resident Evil<\/strong> ter\u00e1 <strong>Paul Walter Hauser\u00a0<\/strong>(Quarteto Fant\u00e1stico: Primeiros Passos), <strong>Austin Abrams<\/strong> (A Hora do Mal), <strong>Kali Reis\u00a0<\/strong>(True Detective),\u00a0<strong>Zach Cherry\u00a0<\/strong>(Ruptura) e\u00a0<strong>Johnno Wilson\u00a0<\/strong>(I Love That For You).\u00a0<\/p>\n<p>            Continua depois da Publicidade<\/p>\n<p>Na \u00e9poca que o reboot foi anunciado, quatro est\u00fadios estavam brigando pelo filme, com a\u00a0Warner\u00a0e a\u00a0Netflix\u00a0despontando como algumas das principais candidatas. Contudo, o projeto continuar\u00e1 com a\u00a0Sony e est\u00e1 sendo supervisionado pela\u00a0Columbia Pictures.\u00a0<\/p>\n<p data-gtm-vis-first-on-screen67967661_30=\"76375\" data-gtm-vis-has-fired67967661_30=\"1\" data-gtm-vis-total-visible-time67967661_30=\"100\">Curiosamente, esse \u00e9 o segundo reboot da franquia, que teve\u00a0Resident Evil: Bem-Vindo a Raccoon City em 2021, al\u00e9m de uma s\u00e9rie da Netflix, que deixou um gosto amargo para os f\u00e3s da s\u00e9rie de jogos da Capcom.<\/p>\n","protected":false},"excerpt":{"rendered":"Cr\u00e9ditos da imagem: Imagem dos bastidores de A Hora do Mal, mais recente filme de Zach Cregger O&hellip;\n","protected":false},"author":2,"featured_media":159518,"comment_status":"","ping_status":"","sticky":false,"template":"","format":"standard","meta":{"footnotes":""},"categories":[140],"tags":[114,115,147,148,146,32,33],"class_list":{"0":"post-159517","1":"post","2":"type-post","3":"status-publish","4":"format-standard","5":"has-post-thumbnail","7":"category-filmes","8":"tag-entertainment","9":"tag-entretenimento","10":"tag-film","11":"tag-filmes","12":"tag-movies","13":"tag-portugal","14":"tag-pt"},"share_on_mastodon":{"url":"https:\/\/pubeurope.com\/@pt\/115585277988038630","error":""},"_links":{"self":[{"href":"https:\/\/www.europesays.com\/pt\/wp-json\/wp\/v2\/posts\/159517","targetHints":{"allow":["GET"]}}],"collection":[{"href":"https:\/\/www.europesays.com\/pt\/wp-json\/wp\/v2\/posts"}],"about":[{"href":"https:\/\/www.europesays.com\/pt\/wp-json\/wp\/v2\/types\/post"}],"author":[{"embeddable":true,"href":"https:\/\/www.europesays.com\/pt\/wp-json\/wp\/v2\/users\/2"}],"replies":[{"embeddable":true,"href":"https:\/\/www.europesays.com\/pt\/wp-json\/wp\/v2\/comments?post=159517"}],"version-history":[{"count":0,"href":"https:\/\/www.europesays.com\/pt\/wp-json\/wp\/v2\/posts\/159517\/revisions"}],"wp:featuredmedia":[{"embeddable":true,"href":"https:\/\/www.europesays.com\/pt\/wp-json\/wp\/v2\/media\/159518"}],"wp:attachment":[{"href":"https:\/\/www.europesays.com\/pt\/wp-json\/wp\/v2\/media?parent=159517"}],"wp:term":[{"taxonomy":"category","embeddable":true,"href":"https:\/\/www.europesays.com\/pt\/wp-json\/wp\/v2\/categories?post=159517"},{"taxonomy":"post_tag","embeddable":true,"href":"https:\/\/www.europesays.com\/pt\/wp-json\/wp\/v2\/tags?post=159517"}],"curies":[{"name":"wp","href":"https:\/\/api.w.org\/{rel}","templated":true}]}}