{"id":159521,"date":"2025-11-21T02:16:14","date_gmt":"2025-11-21T02:16:14","guid":{"rendered":"https:\/\/www.europesays.com\/pt\/159521\/"},"modified":"2025-11-21T02:16:14","modified_gmt":"2025-11-21T02:16:14","slug":"aparecida-amplia-o-programa-de-combate-ao-tabagismo-nas-ubss","status":"publish","type":"post","link":"https:\/\/www.europesays.com\/pt\/159521\/","title":{"rendered":"Aparecida amplia o Programa de Combate ao Tabagismo nas UBS\u2019s"},"content":{"rendered":"<p>Aproximadamente 90% dos que completam todas as etapas do tratamento conseguem abandonar o cigarro, informa a Secretaria de Sa\u00fade<\/p>\n<p>A Prefeitura de Aparecida de Goi\u00e2nia, via Secretaria Municipal de Sa\u00fade (SMS), ampliou neste ano as atividades de combate ao uso do cigarro com o Programa de Cessa\u00e7\u00e3o ao Tabagismo, que j\u00e1 atendeu milhares de moradores desde 2009, num cen\u00e1rio local de cerca de 40 mil fumantes adultos. O programa oferece acompanhamento psicol\u00f3gico, cardiol\u00f3gico e nutricional, al\u00e9m de medicamentos como bupropiona e adesivos de nicotina.<\/p>\n<p>O tratamento dura seis meses, com encontros semanais em oito Unidades B\u00e1sicas de Sa\u00fade (UBS\u2019s), e tem \u00edndices altamente positivos. Aproximadamente 90% dos que completam todas as etapas conseguem abandonar o cigarro. J\u00e1 no primeiro m\u00eas de acompanhamento, com a distribui\u00e7\u00e3o de medicamentos e as demais estrat\u00e9gias, os participantes relatam que j\u00e1 sentem efeitos ben\u00e9ficos na pr\u00f3pria sa\u00fade.<\/p>\n<p>Nesse sentido, o superintendente de Aten\u00e7\u00e3o \u00e0 Sa\u00fade, Gustavo Assun\u00e7\u00e3o, informa que a SMS se prepara para investir ainda mais no aumento de oferta de vagas para o Programa, e destaca: \u201cQuando uma pessoa deixa de fumar, reduz o risco de interna\u00e7\u00f5es e agravamentos e tem a sa\u00fade melhorada\u201d.<\/p>\n<p><strong>Doen\u00e7a cr\u00f4nica<\/strong><\/p>\n<p>A coordenadora da Estrat\u00e9gia Sa\u00fade da Fam\u00edlia (ESF), Karina Pimentel, explica que a nicotina, subst\u00e2ncia de alta depend\u00eancia presente no tabaco, dificulta a interrup\u00e7\u00e3o do h\u00e1bito sem apoio especializado, da\u00ed a import\u00e2ncia do Programa para ajudar os fumantes a deixarem o v\u00edcio. \u201cO tabagismo \u00e9 reconhecido como uma doen\u00e7a cr\u00f4nica e est\u00e1 associado a mais de 50 enfermidades, entre elas diferentes tipos de c\u00e2ncer, doen\u00e7as cardiovasculares e problemas respirat\u00f3rios\u201d, acrescenta.<\/p>\n<p>De acordo com dados da Organiza\u00e7\u00e3o Mundial da Sa\u00fade (OMS) divulgados em junho de 2025, o tabaco causa mais de 7 milh\u00f5es de mortes por ano. Desse total, cerca de 1,6 milh\u00e3o corresponde a pessoas expostas ao fumo passivo. Para os especialistas, a epidemia do tabaco \u00e9 uma das maiores amea\u00e7as \u00e0 Sa\u00fade P\u00fablica em todo o planeta.<\/p>\n<p><strong>Como participar?<\/strong><\/p>\n<p>Os interessados em participar do Programa devem procurar a UBS mais pr\u00f3xima de suas resid\u00eancias para se inscrever. H\u00e1 grupos j\u00e1 em funcionamento e outros que ainda iniciar\u00e3o os trabalhos. Confira o cronograma de in\u00edcio e os hor\u00e1rios dos encontros:<\/p>\n<ul class=\"wp-block-list\">\n<li>UBS Cruzeiro do Sul: 18\/11\/2025, 13h30<\/li>\n<li>UBS Expansul: 18\/11\/2025, 13h30<\/li>\n<li>UBS Santo Andr\u00e9: 19\/11\/2025, 13h30<\/li>\n<li>UBS Porto das Pedras: 28\/11\/2025, 13h30<\/li>\n<li>UBS Rosa dos Ventos: 28\/11\/2025, 8h30<\/li>\n<li>UBS Andrade Reis: 09\/01\/2026, 8h30<\/li>\n<li>UBS Madre Germana: 09\/01\/2026, 8h30<\/li>\n<li>UBS Bairro Cardoso: 21\/01\/2026, 8h30<\/li>\n<\/ul>\n","protected":false},"excerpt":{"rendered":"Aproximadamente 90% dos que completam todas as etapas do tratamento conseguem abandonar o cigarro, informa a Secretaria de&hellip;\n","protected":false},"author":2,"featured_media":159522,"comment_status":"","ping_status":"","sticky":false,"template":"","format":"standard","meta":{"footnotes":""},"categories":[86],"tags":[116,32,33,117],"class_list":{"0":"post-159521","1":"post","2":"type-post","3":"status-publish","4":"format-standard","5":"has-post-thumbnail","7":"category-saude","8":"tag-health","9":"tag-portugal","10":"tag-pt","11":"tag-saude"},"share_on_mastodon":{"url":"https:\/\/pubeurope.com\/@pt\/115585284997884762","error":""},"_links":{"self":[{"href":"https:\/\/www.europesays.com\/pt\/wp-json\/wp\/v2\/posts\/159521","targetHints":{"allow":["GET"]}}],"collection":[{"href":"https:\/\/www.europesays.com\/pt\/wp-json\/wp\/v2\/posts"}],"about":[{"href":"https:\/\/www.europesays.com\/pt\/wp-json\/wp\/v2\/types\/post"}],"author":[{"embeddable":true,"href":"https:\/\/www.europesays.com\/pt\/wp-json\/wp\/v2\/users\/2"}],"replies":[{"embeddable":true,"href":"https:\/\/www.europesays.com\/pt\/wp-json\/wp\/v2\/comments?post=159521"}],"version-history":[{"count":0,"href":"https:\/\/www.europesays.com\/pt\/wp-json\/wp\/v2\/posts\/159521\/revisions"}],"wp:featuredmedia":[{"embeddable":true,"href":"https:\/\/www.europesays.com\/pt\/wp-json\/wp\/v2\/media\/159522"}],"wp:attachment":[{"href":"https:\/\/www.europesays.com\/pt\/wp-json\/wp\/v2\/media?parent=159521"}],"wp:term":[{"taxonomy":"category","embeddable":true,"href":"https:\/\/www.europesays.com\/pt\/wp-json\/wp\/v2\/categories?post=159521"},{"taxonomy":"post_tag","embeddable":true,"href":"https:\/\/www.europesays.com\/pt\/wp-json\/wp\/v2\/tags?post=159521"}],"curies":[{"name":"wp","href":"https:\/\/api.w.org\/{rel}","templated":true}]}}