{"id":159525,"date":"2025-11-21T02:29:21","date_gmt":"2025-11-21T02:29:21","guid":{"rendered":"https:\/\/www.europesays.com\/pt\/159525\/"},"modified":"2025-11-21T02:29:21","modified_gmt":"2025-11-21T02:29:21","slug":"a-protegida-mariana-informa-laura-que-vao-ter-de-vender-a-fabrica-naquele-dia-novelas","status":"publish","type":"post","link":"https:\/\/www.europesays.com\/pt\/159525\/","title":{"rendered":"A Protegida: Mariana informa Laura que v\u00e3o ter de vender a f\u00e1brica naquele dia &#8211; Novelas"},"content":{"rendered":"<p>Em \u00abA Protegida\u00bb, Laura (Alexandra Lencastre) fala com um casal que conhecia Benedita (Maria do C\u00e9u Guerra). Mariana diz que aquele prato \u00e9 uma homenagem \u00e0 av\u00f3 e que Laura tem sido uma ajuda imprescind\u00edvel no restaurante. Mariana informa Laura que v\u00e3o reunir com o investidor interessado em comprar a f\u00e1brica. Laura n\u00e3o se conforma que tenham mesmo de o fazer.<\/p>\n","protected":false},"excerpt":{"rendered":"Em \u00abA Protegida\u00bb, Laura (Alexandra Lencastre) fala com um casal que conhecia Benedita (Maria do C\u00e9u Guerra). Mariana&hellip;\n","protected":false},"author":2,"featured_media":159526,"comment_status":"","ping_status":"","sticky":false,"template":"","format":"standard","meta":{"footnotes":""},"categories":[142],"tags":[168,160,166,114,115,157,167,164,2931,161,158,165,159,32,33,156,163,151,162],"class_list":{"0":"post-159525","1":"post","2":"type-post","3":"status-publish","4":"format-standard","5":"has-post-thumbnail","7":"category-tv","8":"tag-a-protegida","9":"tag-ana-guiomar","10":"tag-cristina-ferreira","11":"tag-entertainment","12":"tag-entretenimento","13":"tag-festa-e-festa","14":"tag-ficcao","15":"tag-jose-fidalgo","16":"tag-novela","17":"tag-novelas","18":"tag-para-sempre","19":"tag-pedro-sousa","20":"tag-pedro-teixeira","21":"tag-portugal","22":"tag-pt","23":"tag-queridos-papas","24":"tag-tiago-teotonio-pereira","25":"tag-tv","26":"tag-tvi"},"share_on_mastodon":{"url":"https:\/\/pubeurope.com\/@pt\/115585336262866739","error":""},"_links":{"self":[{"href":"https:\/\/www.europesays.com\/pt\/wp-json\/wp\/v2\/posts\/159525","targetHints":{"allow":["GET"]}}],"collection":[{"href":"https:\/\/www.europesays.com\/pt\/wp-json\/wp\/v2\/posts"}],"about":[{"href":"https:\/\/www.europesays.com\/pt\/wp-json\/wp\/v2\/types\/post"}],"author":[{"embeddable":true,"href":"https:\/\/www.europesays.com\/pt\/wp-json\/wp\/v2\/users\/2"}],"replies":[{"embeddable":true,"href":"https:\/\/www.europesays.com\/pt\/wp-json\/wp\/v2\/comments?post=159525"}],"version-history":[{"count":0,"href":"https:\/\/www.europesays.com\/pt\/wp-json\/wp\/v2\/posts\/159525\/revisions"}],"wp:featuredmedia":[{"embeddable":true,"href":"https:\/\/www.europesays.com\/pt\/wp-json\/wp\/v2\/media\/159526"}],"wp:attachment":[{"href":"https:\/\/www.europesays.com\/pt\/wp-json\/wp\/v2\/media?parent=159525"}],"wp:term":[{"taxonomy":"category","embeddable":true,"href":"https:\/\/www.europesays.com\/pt\/wp-json\/wp\/v2\/categories?post=159525"},{"taxonomy":"post_tag","embeddable":true,"href":"https:\/\/www.europesays.com\/pt\/wp-json\/wp\/v2\/tags?post=159525"}],"curies":[{"name":"wp","href":"https:\/\/api.w.org\/{rel}","templated":true}]}}