{"id":159527,"date":"2025-11-21T02:30:08","date_gmt":"2025-11-21T02:30:08","guid":{"rendered":"https:\/\/www.europesays.com\/pt\/159527\/"},"modified":"2025-11-21T02:30:08","modified_gmt":"2025-11-21T02:30:08","slug":"escola-proibe-miudos-de-cantar-musicas-do-fenomeno-guerreiras-do-k-pop-nit","status":"publish","type":"post","link":"https:\/\/www.europesays.com\/pt\/159527\/","title":{"rendered":"Escola pro\u00edbe mi\u00fados de cantar m\u00fasicas do fen\u00f3meno \u201cGuerreiras do K-Pop\u201d \u2014 NiT"},"content":{"rendered":"<p>\u201cGolden\u201d \u00e9, atualmente, a segunda can\u00e7\u00e3o mais reproduzida em todo o mundo no Spotify. Os pais est\u00e3o fartos de ter que a ouvir em casa, no carro, em todo o lado, mas a realidade dos professores n\u00e3o \u00e9 muito diferente. A can\u00e7\u00e3o faz parte do <a href=\"https:\/\/www.imdb.com\/title\/tt14205554\/?ref_=nv_sr_srsg_0_tt_8_nm_0_in_0_q_kpop%2520de\" target=\"_blank\" rel=\"nofollow noopener\">filme<\/a> \u201cGuerreiras do K-Pop\u201d, lan\u00e7ado em 2025 na Netflix, que se tornou num fen\u00f3meno mundial.\u00a0<\/p>\n<p>No entanto, n\u00e3o \u00e9 bem visto em todo o lado. A Lilliput Church of England Infant School, situada na cidade de Poole, no sul da Inglaterra, proibiu todos os alunos de ouvirem as faixas da banda sonora do filme dentro do recinto.<\/p>\n<p>A 14 de novembro, a dire\u00e7\u00e3o enviou uma mensagem aos pais justificando a decis\u00e3o com as refer\u00eancias a dem\u00f3nios nas letras. Dizem que estas n\u00e3o v\u00e3o ao encontro aos valores crist\u00e3o defendidos pelo estabelecimento e causam \u201cprofundo desconforto\u201d entre os docentes.<\/p>\n<p>Tamb\u00e9m foi pedido aos encarregados de educa\u00e7\u00e3o que pedissem aos filhos para n\u00e3o cantarem ou ouvirem as can\u00e7\u00f5es na escola \u201cpor respeito \u00e0queles que acham que estes temas entram em conflito com a sua f\u00e9\u201d. \u201cS\u00e3o associadas a for\u00e7as espirituais que se op\u00f5em a Deus e ao bem\u201d, acrescentou.<\/p>\n<p>Muitos pais, por\u00e9m, n\u00e3o est\u00e3o de acordo. Lloyd Allington, o diretor, disse \u00e0 \u201cBBC News\u201d que muitos contra-argumentaram que a banda sonora passa mensagens positivas, desde a import\u00e2ncia da coragem ao trabalho de equipa. \u201cAchei rid\u00edculo\u201d, disse um pai. \u201c\u00c9 uma coisa inofensiva\u201d, comentou outro.<\/p>\n<p>\u201cGuerreiras do K-Pop\u201d, que estreou a 20 de junho, \u00e9 o filme mais visto de sempre na Netflix. Atualmente tem com cerca de 330 milh\u00f5es de visualiza\u00e7\u00f5es. A longa-metragem realizada por Maggie Kang e Chris Appelhans conta a hist\u00f3ria de um grupo feminino de K-pop que combate monstros m\u00edticos quando n\u00e3o est\u00e1 em digress\u00e3o por est\u00e1dios e arenas. O elenco de vozes inclui Arden Cho, Liza Koshy, Maggie Kang, May Hong e o ator Ken Jeong.<\/p>\n<p>As m\u00fasicas viciantes foram compostas por Marcelo Zarvos e produzidas por Teddy Park (que trabalhou com as Blackpink) e Lindgren, conhecido pelas colabora\u00e7\u00f5es com a boyband BTS e a girlband TWICE.<\/p>\n<p>A obra conseguiu colocar quatro can\u00e7\u00f5es no Top 10 da Hot 100 da Billboard, um feito in\u00e9dito para uma longa-metragem. A can\u00e7\u00e3o \u201cGolden\u201d atingiu o primeiro lugar durante duas semanas consecutivas, ultrapassando \u201cOrdinary\u201d, de Alex Warren. J\u00e1 \u201cYour Idol\u201d chegou ao quarto lugar; \u201cSoda Pop\u201d ao quinto; e \u201cHow It\u2019s Done\u201d fechou o top na d\u00e9cima posi\u00e7\u00e3o.<\/p>\n","protected":false},"excerpt":{"rendered":"\u201cGolden\u201d \u00e9, atualmente, a segunda can\u00e7\u00e3o mais reproduzida em todo o mundo no Spotify. Os pais est\u00e3o fartos&hellip;\n","protected":false},"author":2,"featured_media":159528,"comment_status":"","ping_status":"","sticky":false,"template":"","format":"standard","meta":{"footnotes":""},"categories":[141],"tags":[114,115,149,150,32,33],"class_list":{"0":"post-159527","1":"post","2":"type-post","3":"status-publish","4":"format-standard","5":"has-post-thumbnail","7":"category-musica","8":"tag-entertainment","9":"tag-entretenimento","10":"tag-music","11":"tag-musica","12":"tag-portugal","13":"tag-pt"},"share_on_mastodon":{"url":"https:\/\/pubeurope.com\/@pt\/115585340056378851","error":""},"_links":{"self":[{"href":"https:\/\/www.europesays.com\/pt\/wp-json\/wp\/v2\/posts\/159527","targetHints":{"allow":["GET"]}}],"collection":[{"href":"https:\/\/www.europesays.com\/pt\/wp-json\/wp\/v2\/posts"}],"about":[{"href":"https:\/\/www.europesays.com\/pt\/wp-json\/wp\/v2\/types\/post"}],"author":[{"embeddable":true,"href":"https:\/\/www.europesays.com\/pt\/wp-json\/wp\/v2\/users\/2"}],"replies":[{"embeddable":true,"href":"https:\/\/www.europesays.com\/pt\/wp-json\/wp\/v2\/comments?post=159527"}],"version-history":[{"count":0,"href":"https:\/\/www.europesays.com\/pt\/wp-json\/wp\/v2\/posts\/159527\/revisions"}],"wp:featuredmedia":[{"embeddable":true,"href":"https:\/\/www.europesays.com\/pt\/wp-json\/wp\/v2\/media\/159528"}],"wp:attachment":[{"href":"https:\/\/www.europesays.com\/pt\/wp-json\/wp\/v2\/media?parent=159527"}],"wp:term":[{"taxonomy":"category","embeddable":true,"href":"https:\/\/www.europesays.com\/pt\/wp-json\/wp\/v2\/categories?post=159527"},{"taxonomy":"post_tag","embeddable":true,"href":"https:\/\/www.europesays.com\/pt\/wp-json\/wp\/v2\/tags?post=159527"}],"curies":[{"name":"wp","href":"https:\/\/api.w.org\/{rel}","templated":true}]}}