{"id":15953,"date":"2025-08-04T18:11:11","date_gmt":"2025-08-04T18:11:11","guid":{"rendered":"https:\/\/www.europesays.com\/pt\/15953\/"},"modified":"2025-08-04T18:11:11","modified_gmt":"2025-08-04T18:11:11","slug":"estudo-mostra-alto-teor-nutricional-de-frutos-do-cerrado-04-08-2025-equilibrio","status":"publish","type":"post","link":"https:\/\/www.europesays.com\/pt\/15953\/","title":{"rendered":"Estudo mostra alto teor nutricional de frutos do Cerrado &#8211; 04\/08\/2025 &#8211; Equil\u00edbrio"},"content":{"rendered":"<p>Abacaxi-do-<a href=\"https:\/\/www1.folha.uol.com.br\/folha-topicos\/cerrado\/\" rel=\"nofollow noopener\" target=\"_blank\">cerrado<\/a>, angelim-rasteiro, ara\u00e7\u00e1-do-campo, araticum, caraguat\u00e1, lobeira e pequi s\u00e3o os <a href=\"https:\/\/www1.folha.uol.com.br\/comida\/2025\/01\/conheca-o-baru-castanha-exportada-para-os-eua-e-ainda-desconhecida-no-brasil.shtml\" rel=\"nofollow noopener\" target=\"\">frutos esmiu\u00e7ados<\/a> por pesquisadores em uma parceria da Universidade Federal de S\u00e3o Carlos (UFSCar) e da Universidade Estadual de Campinas (Unicamp), ambas no interior paulista.<\/p>\n<p>Publicado recentemente <a href=\"https:\/\/www.scielo.br\/j\/bjft\/a\/z4HdRJMRS9ftRmmJwyBGRwH\/?lang=en\" target=\"_blank\" rel=\"nofollow noopener\">no peri\u00f3dico cient\u00edfico Brazilian Journal of Food Technology<\/a>, o trabalho detalha a composi\u00e7\u00e3o nutricional desses alimentos. &#8220;A ideia de analisar essas esp\u00e9cies surgiu de outro estudo nosso, sobre a dieta do lobo-guar\u00e1 e do cachorro-do-mato&#8221;, conta o bi\u00f3logo Renato D&#8217;Elia Feliciano, da UFSCar, um dos autores da pesquisa.<\/p>\n<p>Segundo Feliciano, os h\u00e1bitos alimentares desses animais deram pistas sobre o potencial para uso humano. &#8220;A pesquisa mostra que a lobeira, o angelim-rasteiro e o abacaxi-do-cerrado apresentam grande disponibilidade de prote\u00ednas&#8221;, comenta. J\u00e1 o ara\u00e7\u00e1-do-campo, o araticum (Annona crassiflora) e o caraguat\u00e1 se destacam pela quantidade de carboidrato.<\/p>\n<p>Enquanto a <a href=\"https:\/\/www1.folha.uol.com.br\/equilibrio\/2025\/04\/o-alto-consumo-de-proteina-e-realmente-uma-necessidade-saiba-o-que-dizem-especialistas.shtml\" rel=\"nofollow noopener\" target=\"\">prote\u00edna<\/a> \u00e9 macronutriente fundamental para a constitui\u00e7\u00e3o dos \u00f3rg\u00e3os e ajuda na manuten\u00e7\u00e3o dos m\u00fasculos, o carboidrato \u00e9 sin\u00f4nimo de energia e disposi\u00e7\u00e3o. &#8220;Alguns dos teores desses nutrientes s\u00e3o compar\u00e1veis aos encontrados em frutas comerciais&#8221;, afirma o bi\u00f3logo.<\/p>\n<p>Novas pesquisas devem ser feitas para determinar a quantidade de micronutrientes, isto \u00e9, vitaminas e sais minerais, bem como de fitoqu\u00edmicos e outros compostos potencialmente ben\u00e9ficos. &#8220;A popula\u00e7\u00e3o de outras regi\u00f5es precisa conhecer a riqueza das <a href=\"https:\/\/arte.folha.uol.com.br\/ambiente\/2024\/cerrado-loteado\/agua\/avanco-do-desmatamento-e-da-irrigacao-de-lavouras-faz-minguar-rios-do-cerrado\/\" rel=\"nofollow noopener\" target=\"\">esp\u00e9cies nativas do Cerrado<\/a>&#8220;, diz o nutricionista Leandro Baptista, do Hospital de Urg\u00eancias de Goi\u00e1s (HUGO), unidade p\u00fablica em Goi\u00e2nia gerida pelo Einstein Hospital Israelita.<\/p>\n<p>O nutricionista enfatiza a import\u00e2ncia de contar com mais op\u00e7\u00f5es no card\u00e1pio do dia a dia e combater a monotonia alimentar, aumentando a oferta de nutrientes. &#8220;E, cada vez mais, vale incentivar o consumo de frutas, especialmente em um momento em que elas t\u00eam sido envolvidas em fake news&#8221;, afirma Baptista.<\/p>\n<p><a href=\"https:\/\/www1.folha.uol.com.br\/colunas\/suzanaherculanohouzel\/2025\/07\/frutose-para-o-bem-e-para-o-mal.shtml\" rel=\"nofollow noopener\" target=\"_blank\">A frutose \u00e9 um dos principais alvos da desinforma\u00e7\u00e3o.<\/a> Em excesso, esse tipo de a\u00e7\u00facar pode desencadear dist\u00farbios metab\u00f3licos e favorecer o ganho de peso. Entretanto, o problema n\u00e3o est\u00e1 nas frutas: est\u00e1 relacionado com a frutose encontrada em produtos ultraprocessados, caso de refrigerantes, achocolatados, sucos de caixinha, entre outros.<\/p>\n<p>Prazer, frutos do Cerrado<\/p>\n<p>O conhecimento sobre as variedades nativas ainda valoriza as tradi\u00e7\u00f5es alimentares. E esse tipo de movimento chama a aten\u00e7\u00e3o para a preserva\u00e7\u00e3o do meio ambiente e pr\u00e1ticas sustent\u00e1veis, o que \u00e9 urgente no Cerrado, um dos biomas que mais sofre com desmatamentos.<\/p>\n<p>A seguir, conhe\u00e7a algumas caracter\u00edsticas dos<a href=\"https:\/\/www1.folha.uol.com.br\/folha-topicos\/fruta\/\" rel=\"nofollow noopener\" target=\"\"> frutos analisados<\/a>:<\/p>\n<ul>&#13;<\/p>\n<li><b>Abacaxi-do-cerrado<\/b> (Ananas ananassoides)<\/li>\n<p>&#13;\n<\/ul>\n<p>Chamado popularmente de abacaxizinho-do-cerrado, por apresentar tamanho menor do que os abacaxis convencionais, ele tem apelo ornamental e seu uso aliment\u00edcio \u00e9 muito restrito \u00e0s popula\u00e7\u00f5es locais.<\/p>\n<p>Al\u00e9m do <a href=\"https:\/\/www1.folha.uol.com.br\/equilibrio\/2025\/02\/proteina-para-ganhar-musculos-de-quanto-realmente-precisamos-e-quais-os-riscos-do-consumo-excessivo.shtml\" rel=\"nofollow noopener\" target=\"\">bom teor proteico<\/a>, apontado no estudo, outras an\u00e1lises mostram que concentra fibras e, assim como demais integrantes da fam\u00edlia Bromeliaceae, oferece bromelina, uma enzima que tem a capacidade de quebrar prote\u00ednas e seria aliada da digest\u00e3o.<\/p>\n<p>De sabor bastante \u00e1cido, \u00e9 consumido em forma de sucos e doces, por exemplo.<\/p>\n<ul>&#13;<\/p>\n<li><b>Angelim-rasteiro<\/b> (Andira humilis)<\/li>\n<p>&#13;\n<\/ul>\n<p>A esp\u00e9cie ostenta uma flor bel\u00edssima, de tons que variam entre o rosa e o roxo, mas seu fruto n\u00e3o conta com a mesma popularidade. H\u00e1 poucas informa\u00e7\u00f5es sobre sua composi\u00e7\u00e3o e, apesar do <a href=\"https:\/\/f5.folha.uol.com.br\/viva-bem\/2022\/01\/plantas-medicinais-veja-dicas-de-chas-para-voce-experimentar-em-2022.shtml\" rel=\"nofollow noopener\" target=\"\">uso medicinal<\/a> pelos povos origin\u00e1rios, s\u00e3o necess\u00e1rios estudos para avaliar sua potencial toxicidade.<\/p>\n<ul>&#13;<\/p>\n<li><b>Ara\u00e7\u00e1-do-campo<\/b> (Psidium grandifolium)<\/li>\n<p>&#13;\n<\/ul>\n<p>Ele faz parte da fam\u00edlia Myrtaceae, que conta com esp\u00e9cies muito distintas, entre as quais a goiaba e o cravo-da-\u00edndia. Existem diversos tipos de ara\u00e7\u00e1s, sendo o de nome cient\u00edfico Psidium grandifolium um dos mais desconhecidos. O fruto, de colora\u00e7\u00e3o amarelo-claro, quando maduro tem gosto suave.<\/p>\n<ul>&#13;<\/p>\n<li><b>Araticum<\/b> (Annona crassiflora)<\/li>\n<p>&#13;\n<\/ul>\n<p>O araticunzeiro atinge de tr\u00eas a oito metros de altura e cada fruto pode chegar a 2 quilos e 10 cent\u00edmetros de di\u00e2metro.<\/p>\n<p>Tamb\u00e9m chamado de marolo ou pan\u00e3, sua polpa perfumada \u00e9 rica em <a href=\"https:\/\/www1.folha.uol.com.br\/equilibrio\/2025\/07\/como-gastroenterologista-eis-o-que-eu-como-em-um-dia-para-melhorar-a-saude-do-meu-intestino.shtml\" rel=\"nofollow noopener\" target=\"\">fibras, as guardi\u00e3s do intestino.<\/a> Oferece ainda minerais como o pot\u00e1ssio, aliado dos m\u00fasculos, e compostos fen\u00f3licos de a\u00e7\u00e3o antioxidante e protetora das c\u00e9lulas.<\/p>\n<p>Al\u00e9m de fazer sucesso in natura aparece em receitas de compotas, sorvetes e sucos.<\/p>\n<ul>&#13;<\/p>\n<li><b>Caraguat\u00e1<\/b> (Bromelia balansae)<\/li>\n<p>&#13;\n<\/ul>\n<p>Mais um integrante da fam\u00edlia Bromeliaceae, a mesma dos abacaxis, que tamb\u00e9m cont\u00e9m a bromelina, com suas propriedades digestivas. Os frutos s\u00e3o agrupados em cachos.<\/p>\n<p>A polpa amarelada, \u00e1cida e bastante perfumada, \u00e9 rica em fibras e tem sido utilizada na produ\u00e7\u00e3o de refrescos e at\u00e9 de uma farinha que enriquece biscoitos, entre outros produtos.<\/p>\n<ul>&#13;<\/p>\n<li><b>Lobeira<\/b><b> <\/b>(Solanum lycocarpum)<\/li>\n<p>&#13;\n<\/ul>\n<p>Tamb\u00e9m chamado de <a href=\"https:\/\/www1.folha.uol.com.br\/folha-topicos\/fruta\/\" rel=\"nofollow noopener\" target=\"_blank\">fruta<\/a>-do-lobo, justamente porque o lobo-guar\u00e1 \u00e9 um dos maiores consumidores, o fruto faz parte da fam\u00edlia Solanaceae, a mesma do jil\u00f3 e do tomate.<\/p>\n<p>Arom\u00e1tica, verde-amarelada e levemente azeda, a lobeira costuma ser usada no preparo de geleias e compotas. Quando est\u00e1 verde, concentra altos teores de alcaloides que podem ser t\u00f3xicos, da\u00ed a recomenda\u00e7\u00e3o de utilizar depois de madura.<\/p>\n<ul>&#13;<\/p>\n<li><b>Pequi<\/b><b> <\/b>(Caryocar brasiliense)<\/li>\n<p>&#13;\n<\/ul>\n<p>O fruto do pequizeiro, que tem o apelido de &#8220;ouro do Cerrado&#8221;, \u00e9 mat\u00e9ria-prima de conservas, licores, doces, entre outros produtos. Enriquece o arroz e real\u00e7a receitas como a de galinhada, com sua cor amarela.<\/p>\n<p>Essa colora\u00e7\u00e3o vem dos <a href=\"https:\/\/www1.folha.uol.com.br\/fsp\/1996\/1\/19\/brasil\/41.html\" rel=\"nofollow noopener\" target=\"\">carotenoides<\/a> \u2014grupo de subst\u00e2ncias de potente a\u00e7\u00e3o antioxidante, ou seja, que neutraliza os radicais livres, mol\u00e9culas que, em excesso, danificam as c\u00e9lulas.<\/p>\n<p>Sua polpa suculenta envolve um caro\u00e7o cheio de espinhos, que requer muita cautela para ser consumida. \u00c9 rica em gorduras ben\u00e9ficas.<\/p>\n","protected":false},"excerpt":{"rendered":"Abacaxi-do-cerrado, angelim-rasteiro, ara\u00e7\u00e1-do-campo, araticum, caraguat\u00e1, lobeira e pequi s\u00e3o os frutos esmiu\u00e7ados por pesquisadores em uma parceria da&hellip;\n","protected":false},"author":2,"featured_media":15954,"comment_status":"","ping_status":"","sticky":false,"template":"","format":"standard","meta":{"footnotes":""},"categories":[86],"tags":[6245,1031,6243,6244,6242,1029,236,3224,6240,6241,116,1208,32,33,117],"class_list":{"0":"post-15953","1":"post","2":"type-post","3":"status-publish","4":"format-standard","5":"has-post-thumbnail","7":"category-saude","8":"tag-agencia-einstein","9":"tag-autocuidado","10":"tag-bioma","11":"tag-bioma-brasileiro","12":"tag-cerrado","13":"tag-cuide-se","14":"tag-folha","15":"tag-fruta","16":"tag-frutas-do-brasil","17":"tag-frutas-nativas","18":"tag-health","19":"tag-medicina","20":"tag-portugal","21":"tag-pt","22":"tag-saude"},"share_on_mastodon":{"url":"","error":""},"_links":{"self":[{"href":"https:\/\/www.europesays.com\/pt\/wp-json\/wp\/v2\/posts\/15953","targetHints":{"allow":["GET"]}}],"collection":[{"href":"https:\/\/www.europesays.com\/pt\/wp-json\/wp\/v2\/posts"}],"about":[{"href":"https:\/\/www.europesays.com\/pt\/wp-json\/wp\/v2\/types\/post"}],"author":[{"embeddable":true,"href":"https:\/\/www.europesays.com\/pt\/wp-json\/wp\/v2\/users\/2"}],"replies":[{"embeddable":true,"href":"https:\/\/www.europesays.com\/pt\/wp-json\/wp\/v2\/comments?post=15953"}],"version-history":[{"count":0,"href":"https:\/\/www.europesays.com\/pt\/wp-json\/wp\/v2\/posts\/15953\/revisions"}],"wp:featuredmedia":[{"embeddable":true,"href":"https:\/\/www.europesays.com\/pt\/wp-json\/wp\/v2\/media\/15954"}],"wp:attachment":[{"href":"https:\/\/www.europesays.com\/pt\/wp-json\/wp\/v2\/media?parent=15953"}],"wp:term":[{"taxonomy":"category","embeddable":true,"href":"https:\/\/www.europesays.com\/pt\/wp-json\/wp\/v2\/categories?post=15953"},{"taxonomy":"post_tag","embeddable":true,"href":"https:\/\/www.europesays.com\/pt\/wp-json\/wp\/v2\/tags?post=15953"}],"curies":[{"name":"wp","href":"https:\/\/api.w.org\/{rel}","templated":true}]}}