{"id":159537,"date":"2025-11-21T02:49:32","date_gmt":"2025-11-21T02:49:32","guid":{"rendered":"https:\/\/www.europesays.com\/pt\/159537\/"},"modified":"2025-11-21T02:49:32","modified_gmt":"2025-11-21T02:49:32","slug":"premio-acats-2025-reune-liderancas-do-varejo-em-noite-de-reconhecimento-em-camboriu-radio-rural","status":"publish","type":"post","link":"https:\/\/www.europesays.com\/pt\/159537\/","title":{"rendered":"Pr\u00eamio ACATS 2025 re\u00fane lideran\u00e7as do varejo em noite de reconhecimento em Cambori\u00fa &#8211; R\u00e1dio Rural"},"content":{"rendered":"<ol>\n<li><a href=\"https:\/\/news.google.com\/rss\/articles\/CBMi1wFBVV95cUxOMFNPVG5sRlQxUkRwUjhXY0J6cXh3QUc5VzROWEtMZk9PTS1SUVh2eDJYSXppY3JqaGp2YjItTU1GY0QwZmRSYmRQY1FIZlBTZWxjS0lHRjZOMThFM01fUFBPWlhiZUl0MEZHdXF6dmxNcXlpRDlJTUJZWGNwQ05NcGtqV0tjLXR6RW1waHNYU0RQb0h0bnZ3V2RFaXAzRlNKcFZLbXN5YWNzNWhfd0hudWI0UTdFNHgta2JibmVHU2REc0x2TnlwWFRVZzdGOXo3VDlaV2JWTQ?oc=5\" target=\"_blank\" rel=\"nofollow noopener\">Pr\u00eamio ACATS 2025 re\u00fane lideran\u00e7as do varejo em noite de reconhecimento em Cambori\u00fa<\/a>&nbsp;&nbsp;R\u00e1dio Rural<\/li>\n<li><a href=\"https:\/\/news.google.com\/rss\/articles\/CBMivgFBVV95cUxQR0xvVGJ3WDlCRG1XT09wMm9xYzV4eG1JeHpPdjFGOW9zZGpab3dOal9CaU80YjVZRUZ3dldXSzl0NXVfSVJDTnllNGZvTTh6WTFiSnBLSUFTVC1qZXFvaTg2NEptWnRUWTBjcGJmTTljUDZOZmllWWp6bFd3dlFfUmlOLUk1ZC12dzY3dUlXcXd4TUxrQWlleXM4b0cxeFUzMUt5LV9xU014aHFoTHpZVkZLNHlSRzdiQjVYTEFB?oc=5\" target=\"_blank\" rel=\"nofollow noopener\">Jantar da Acats re\u00fane lideran\u00e7as em evento do setor supermercadista<\/a>&nbsp;&nbsp;TopElegance<\/li>\n<li><a href=\"https:\/\/news.google.com\/rss\/articles\/CBMixwFBVV95cUxNbGIwQmJMcXpaNWkzdVdyQ0xGbENhN2xhZVlocUNTcFhYUml3N2hNRlQtZGRBaUNYaUxpSU95WWZPVWJWdmZiUnUydnpYT0hJajV2aDQ1SzBTR0p5UXRnQ0Z0eFUxb3YzWDZwNy1BTlA5NjFfVGhQVHVZc1g1UGszMGN6dmZBb1p4UUZnRW1jU2o0QTAtYnd3bjlhZU5VMEdLSDZYYjRvU1VJRWd0cVJ5NzViTDVHRFJLY0FOTWUxWEtsSGFOdmkw?oc=5\" target=\"_blank\" rel=\"nofollow noopener\">Governador Jorginho Mello apresenta avan\u00e7os da economia catarinense durante pr\u00eamio Acats 2025<\/a>&nbsp;&nbsp;Conhe\u00e7a Santa Catarina<\/li>\n<li><a href=\"https:\/\/news.google.com\/rss\/articles\/CBMiwgFBVV95cUxPLUx3TkJKUm93UzR0eXdZUEdfeFphdWF1SG1GMkFtNFh6cF9mUi0zYm1IT0NGU2diNll5WjVpVVBuX2dYLWxlZmhLT1pTd2pUeWVvV3lsdkI2YzNjeGdrZ3kxb2dVaTVURGhITmlzZE9iOUZLaTRDQ1NNMWN6WjJQOXJyU0JsdGtxVXV1cWpUczN2Q2QzR2N6X08tdnUtWGdvQ3hTamRaNTVGTW1ubkduODk5U1NtaHNSTi1WMUtFWHlxdw?oc=5\" target=\"_blank\" rel=\"nofollow noopener\">Governador participa do Pr\u00eamio Acats 2025 e destaca crescimento da economia catarinense<\/a>&nbsp;&nbsp;rco.com.br<\/li>\n<\/ol>\n","protected":false},"excerpt":{"rendered":"Pr\u00eamio ACATS 2025 re\u00fane lideran\u00e7as do varejo em noite de reconhecimento em Cambori\u00fa&nbsp;&nbsp;R\u00e1dio Rural Jantar da Acats re\u00fane&hellip;\n","protected":false},"author":2,"featured_media":159538,"comment_status":"","ping_status":"","sticky":false,"template":"","format":"standard","meta":{"footnotes":""},"categories":[141],"tags":[562,726,2733,2731,476,539,2258,114,115,1062,986,2732,149,150,1086,52,32,33,3551,117],"class_list":{"0":"post-159537","1":"post","2":"type-post","3":"status-publish","4":"format-standard","5":"has-post-thumbnail","7":"category-musica","8":"tag-agricultura","9":"tag-brasil","10":"tag-carnaval","11":"tag-dicas-do-dia","12":"tag-economia","13":"tag-educacao","14":"tag-eleicoes","15":"tag-entertainment","16":"tag-entretenimento","17":"tag-esportes","18":"tag-estado","19":"tag-geral","20":"tag-music","21":"tag-musica","22":"tag-policia","23":"tag-politica","24":"tag-portugal","25":"tag-pt","26":"tag-regiao","27":"tag-saude"},"share_on_mastodon":{"url":"https:\/\/pubeurope.com\/@pt\/115585414778383082","error":""},"_links":{"self":[{"href":"https:\/\/www.europesays.com\/pt\/wp-json\/wp\/v2\/posts\/159537","targetHints":{"allow":["GET"]}}],"collection":[{"href":"https:\/\/www.europesays.com\/pt\/wp-json\/wp\/v2\/posts"}],"about":[{"href":"https:\/\/www.europesays.com\/pt\/wp-json\/wp\/v2\/types\/post"}],"author":[{"embeddable":true,"href":"https:\/\/www.europesays.com\/pt\/wp-json\/wp\/v2\/users\/2"}],"replies":[{"embeddable":true,"href":"https:\/\/www.europesays.com\/pt\/wp-json\/wp\/v2\/comments?post=159537"}],"version-history":[{"count":0,"href":"https:\/\/www.europesays.com\/pt\/wp-json\/wp\/v2\/posts\/159537\/revisions"}],"wp:featuredmedia":[{"embeddable":true,"href":"https:\/\/www.europesays.com\/pt\/wp-json\/wp\/v2\/media\/159538"}],"wp:attachment":[{"href":"https:\/\/www.europesays.com\/pt\/wp-json\/wp\/v2\/media?parent=159537"}],"wp:term":[{"taxonomy":"category","embeddable":true,"href":"https:\/\/www.europesays.com\/pt\/wp-json\/wp\/v2\/categories?post=159537"},{"taxonomy":"post_tag","embeddable":true,"href":"https:\/\/www.europesays.com\/pt\/wp-json\/wp\/v2\/tags?post=159537"}],"curies":[{"name":"wp","href":"https:\/\/api.w.org\/{rel}","templated":true}]}}