{"id":159547,"date":"2025-11-21T03:05:19","date_gmt":"2025-11-21T03:05:19","guid":{"rendered":"https:\/\/www.europesays.com\/pt\/159547\/"},"modified":"2025-11-21T03:05:19","modified_gmt":"2025-11-21T03:05:19","slug":"eis-os-arbitros-de-todos-os-jogos-da-proxima-ronda-da-taca-de-portugal","status":"publish","type":"post","link":"https:\/\/www.europesays.com\/pt\/159547\/","title":{"rendered":"Eis os \u00e1rbitros de todos os jogos da pr\u00f3xima ronda da Ta\u00e7a de Portugal"},"content":{"rendered":"<p>&#8211; Advertisement &#8211;<\/p>\n<p>A Federa\u00e7\u00e3o Portuguesa de Futebol deu a conhecer esta quarta-feira todas as equipas de arbitragem referentes aos jogos da quarta eliminat\u00f3ria da<a href=\"https:\/\/bolanarede.pt\/etiqueta\/taca-de-portugal\/\" target=\"_blank\" rel=\"noreferrer noopener nofollow\"> Ta\u00e7a de Portugal<\/a>. A come\u00e7ar pelo Atl\u00e9tico CP x Benfica, ser\u00e1 F\u00e1bio Ver\u00edssimo como \u00e1rbitro principal da partida.<\/p>\n<p>No dia seguinte, Ricardo Baixo orientar\u00e1 o Sporting x Marinhense, enquanto o FC Porto x Sintrense estar\u00e1 encarregue de H\u00e9lder Malheiro. Os jogos come\u00e7aram j\u00e1 no dia 21 de novembro com o Atl\u00e9tico CP x Benfica (20h30 no Est\u00e1dio do Restelo) a dar o pontap\u00e9 de sa\u00edda.<\/p>\n<p><strong>Eis as equipas de arbitragem para os jogos da 4.\u00aa eliminat\u00f3ria:<\/strong><\/p>\n<p><strong>Atl\u00e9tico CP-SL Benfica<\/strong><br \/>\u00c1rbitro: F\u00e1bio Ver\u00edssimo<br \/>Assistentes: N\u00e9lson Pereira e Francisco Pereira<br \/>4.\u00ba \u00e1rbitro: Bruno Vieira<\/p>\n<p><strong>AFS-Ac. Viseu FC<\/strong><br \/>\u00c1rbitro: Gustavo Correia<br \/>Assistentes: Andr\u00e9 Dias e Andr\u00e9 Ferreira<br \/>4.\u00ba \u00e1rbitro: Diogo Ara\u00fajo<\/p>\n<p><strong>FC Alpendorada-Casa Pia AC<\/strong><br \/>\u00c1rbitro: Iancu Vasilica<br \/>Assistentes: Jos\u00e9 Pereira e Lu\u00eds Costa<br \/>4.\u00ba \u00e1rbitro: Humberto Teixeira<\/p>\n<p><strong>Vit\u00f3ria SC-Mort\u00e1gua FC<\/strong><br \/>\u00c1rbitro: Jo\u00e3o Gon\u00e7alves<br \/>Assistentes: Pedro Ribeiro e David Soares<br \/>4.\u00ba \u00e1rbitro: V\u00edtor Lopes<\/p>\n<p><strong>SU 1.\u00ba Dezembro-UD Leiria<\/strong><br \/>\u00c1rbitro: Fl\u00e1vio Jesus<br \/>Assistentes: Daniel Santos e Pedro Fonseca<br \/>4.\u00ba \u00e1rbitro: Pedro Ramalho<\/p>\n<p><strong>Sporting CP-AC Marinhense<\/strong><br \/>\u00c1rbitro: Ricardo Baixinho<br \/>Assistentes: Pedro Mota e Nuno Pires<br \/>4.\u00ba \u00e1rbitro: Fl\u00e1vio Lima<\/p>\n<p><strong>Estoril Praia-FC Famalic\u00e3o<\/strong><br \/>\u00c1rbitro: Diogo Rosa<br \/>Assistentes: Paulo Br\u00e1s e Hugo Marques<br \/>4.\u00ba \u00e1rbitro: Jos\u00e9 Rodrigues<\/p>\n<p><strong>FC Porto-SU Sintrense<\/strong><br \/>\u00c1rbitro: H\u00e9lder Malheiro<br \/>Assistentes: Gon\u00e7alo Freire e Hugo Ribeiro<br \/>4.\u00ba \u00e1rbitro: Gon\u00e7alo Neves<\/p>\n<p><strong>Lus. Lourosa FC-SCU Torreense<\/strong><br \/>\u00c1rbitro: F\u00e1bio Melo<br \/>Assistentes: Andr\u00e9 Costa e Rafael Formoso<br \/>4.\u00ba \u00e1rbitro: Tiago S\u00e1<\/p>\n<p><strong>AC Vila Me\u00e3-Leix\u00f5es SC<\/strong><br \/>\u00c1rbitro: V\u00edtor Ferreira<br \/>Assistentes: Rui Martins e Pedro Freitas<br \/>4.\u00ba \u00e1rbitro: Nuno Senra<\/p>\n<p><strong>AD Fafe-FC Arouca<\/strong><br \/>\u00c1rbitro: Jos\u00e9 Bessa<br \/>Assistentes: Miguel Martins e Hugo Santos<br \/>4.\u00ba \u00e1rbitro: Rui Lima<\/p>\n<p><strong>CD Santa Clara-UF Com\u00e9rcio e Ind\u00fastria<\/strong><br \/>\u00c1rbitro: Lu\u00eds Filipe<br \/>Assistentes: Diogo Pereira e Ricardo Carreira<br \/>4.\u00ba \u00e1rbitro: Diogo Botelho<\/p>\n<p><strong>SC Farense-Silves FC<\/strong><br \/>\u00c1rbitro: Marcos Braz\u00e3o<br \/>Assistentes: Lu\u00eds Viegas e Pedro Vieira<br \/>4.\u00ba \u00e1rbitro: Jos\u00e9 Salema<\/p>\n<p><strong>CD Tondela-Caldas SC<\/strong><br \/>\u00c1rbitro: Miguel Fonseca<br \/>Assistentes: Tiago Costa e Joao Martins<br \/>4.\u00ba \u00e1rbitro: Eduarda Silva<\/p>\n<p><strong>SC Braga-CD Nacional<\/strong><br \/>\u00c1rbitro: Andr\u00e9 Narciso<br \/>Assistentes: R\u00faben Silva e Andr\u00e9 Botelho<br \/>4.\u00ba \u00e1rbitro: Fl\u00e1vio Duarte<\/p>\n","protected":false},"excerpt":{"rendered":"&#8211; Advertisement &#8211; A Federa\u00e7\u00e3o Portuguesa de Futebol deu a conhecer esta quarta-feira todas as equipas de arbitragem&hellip;\n","protected":false},"author":2,"featured_media":159548,"comment_status":"","ping_status":"","sticky":false,"template":"","format":"standard","meta":{"footnotes":""},"categories":[87],"tags":[30738,260,51,135,478,285,32,33,134,3142],"class_list":{"0":"post-159547","1":"post","2":"type-post","3":"status-publish","4":"format-standard","5":"has-post-thumbnail","7":"category-desporto","8":"tag-atletico-cp","9":"tag-atualidade","10":"tag-benfica","11":"tag-desporto","12":"tag-destaques-bnr","13":"tag-fpf","14":"tag-portugal","15":"tag-pt","16":"tag-sports","17":"tag-taca-de-portugal"},"share_on_mastodon":{"url":"https:\/\/pubeurope.com\/@pt\/115585478060255190","error":""},"_links":{"self":[{"href":"https:\/\/www.europesays.com\/pt\/wp-json\/wp\/v2\/posts\/159547","targetHints":{"allow":["GET"]}}],"collection":[{"href":"https:\/\/www.europesays.com\/pt\/wp-json\/wp\/v2\/posts"}],"about":[{"href":"https:\/\/www.europesays.com\/pt\/wp-json\/wp\/v2\/types\/post"}],"author":[{"embeddable":true,"href":"https:\/\/www.europesays.com\/pt\/wp-json\/wp\/v2\/users\/2"}],"replies":[{"embeddable":true,"href":"https:\/\/www.europesays.com\/pt\/wp-json\/wp\/v2\/comments?post=159547"}],"version-history":[{"count":0,"href":"https:\/\/www.europesays.com\/pt\/wp-json\/wp\/v2\/posts\/159547\/revisions"}],"wp:featuredmedia":[{"embeddable":true,"href":"https:\/\/www.europesays.com\/pt\/wp-json\/wp\/v2\/media\/159548"}],"wp:attachment":[{"href":"https:\/\/www.europesays.com\/pt\/wp-json\/wp\/v2\/media?parent=159547"}],"wp:term":[{"taxonomy":"category","embeddable":true,"href":"https:\/\/www.europesays.com\/pt\/wp-json\/wp\/v2\/categories?post=159547"},{"taxonomy":"post_tag","embeddable":true,"href":"https:\/\/www.europesays.com\/pt\/wp-json\/wp\/v2\/tags?post=159547"}],"curies":[{"name":"wp","href":"https:\/\/api.w.org\/{rel}","templated":true}]}}