{"id":159551,"date":"2025-11-21T03:13:08","date_gmt":"2025-11-21T03:13:08","guid":{"rendered":"https:\/\/www.europesays.com\/pt\/159551\/"},"modified":"2025-11-21T03:13:08","modified_gmt":"2025-11-21T03:13:08","slug":"dua-lipa-saboreia-coracao-de-pato-barriga-de-porco-e-joga-cartas-em-boteco-de-botafogo-como-uma-verdadeira-carioca","status":"publish","type":"post","link":"https:\/\/www.europesays.com\/pt\/159551\/","title":{"rendered":"Dua Lipa saboreia cora\u00e7\u00e3o de pato, barriga de porco e joga cartas em boteco de Botafogo: &#8216;Como uma verdadeira carioca&#8217;"},"content":{"rendered":"\n<p class=\" content-text__container theme-color-primary-first-letter\" data-track-category=\"Link no Texto\" data-track-links=\"\"> Uma das maiores estrelas da m\u00fasica em todo o planeta, <a class=\"\" href=\"https:\/\/oglobo.globo.com\/tudo-sobre\/personalidade\/dua-lipa\/\" rel=\"nofollow noopener\" target=\"_blank\">Dua Lipa<\/a> tem agitado o Rio de Janeiro antes da realiza\u00e7\u00e3o de seu show na cidade, no s\u00e1bado. Ap\u00f3s passar por um restaurante na G\u00e1vea e visitar a quadra da Vila Isabel, ela esteve, nesta quinta-feira, em um boteco de Botafogo. <\/p>\n<p class=\" content-text__container \" data-track-category=\"Link no Texto\" data-track-links=\"\"> &#8220;Ela veio certeira sobre o que ia comer. A mesa compartilhou uma por\u00e7\u00e3o de cora\u00e7\u00e3o de pato, barriga de porco e o famoso croquete de bochecha. Ela elegeu a caipirinha com pouco a\u00e7\u00facar para beber. A cantora sabe viver como uma verdadeira carioca&#8221;, conta um dos s\u00f3cios do Chachada, Edu Araujo. <\/p>\n<p class=\" content-text__container \" data-track-category=\"Link no Texto\" data-track-links=\"\"> Uma curiosidade: segundo Edu Araujo, Dua Lipa e sua trupe pediram, veja s\u00f3, um baralho. &#8220;Jogaram na mesa por duas horas&#8221;, disse o empres\u00e1rio. <\/p>\n","protected":false},"excerpt":{"rendered":"Uma das maiores estrelas da m\u00fasica em todo o planeta, Dua Lipa tem agitado o Rio de Janeiro&hellip;\n","protected":false},"author":2,"featured_media":159552,"comment_status":"","ping_status":"","sticky":false,"template":"","format":"standard","meta":{"footnotes":""},"categories":[145],"tags":[211,210,1639,114,115,32,33],"class_list":{"0":"post-159551","1":"post","2":"type-post","3":"status-publish","4":"format-standard","5":"has-post-thumbnail","7":"category-celebridades","8":"tag-celebridades","9":"tag-celebrities","10":"tag-dua-lipa","11":"tag-entertainment","12":"tag-entretenimento","13":"tag-portugal","14":"tag-pt"},"share_on_mastodon":{"url":"https:\/\/pubeurope.com\/@pt\/115585509204098715","error":""},"_links":{"self":[{"href":"https:\/\/www.europesays.com\/pt\/wp-json\/wp\/v2\/posts\/159551","targetHints":{"allow":["GET"]}}],"collection":[{"href":"https:\/\/www.europesays.com\/pt\/wp-json\/wp\/v2\/posts"}],"about":[{"href":"https:\/\/www.europesays.com\/pt\/wp-json\/wp\/v2\/types\/post"}],"author":[{"embeddable":true,"href":"https:\/\/www.europesays.com\/pt\/wp-json\/wp\/v2\/users\/2"}],"replies":[{"embeddable":true,"href":"https:\/\/www.europesays.com\/pt\/wp-json\/wp\/v2\/comments?post=159551"}],"version-history":[{"count":0,"href":"https:\/\/www.europesays.com\/pt\/wp-json\/wp\/v2\/posts\/159551\/revisions"}],"wp:featuredmedia":[{"embeddable":true,"href":"https:\/\/www.europesays.com\/pt\/wp-json\/wp\/v2\/media\/159552"}],"wp:attachment":[{"href":"https:\/\/www.europesays.com\/pt\/wp-json\/wp\/v2\/media?parent=159551"}],"wp:term":[{"taxonomy":"category","embeddable":true,"href":"https:\/\/www.europesays.com\/pt\/wp-json\/wp\/v2\/categories?post=159551"},{"taxonomy":"post_tag","embeddable":true,"href":"https:\/\/www.europesays.com\/pt\/wp-json\/wp\/v2\/tags?post=159551"}],"curies":[{"name":"wp","href":"https:\/\/api.w.org\/{rel}","templated":true}]}}