{"id":159553,"date":"2025-11-21T03:16:07","date_gmt":"2025-11-21T03:16:07","guid":{"rendered":"https:\/\/www.europesays.com\/pt\/159553\/"},"modified":"2025-11-21T03:16:07","modified_gmt":"2025-11-21T03:16:07","slug":"tres-gracas-viviane-deixa-leonardo-no-chao-apos-beijo-nao-estou-gostando-nada-terra","status":"publish","type":"post","link":"https:\/\/www.europesays.com\/pt\/159553\/","title":{"rendered":"Tr\u00eas Gra\u00e7as: Viviane deixa Leonardo no ch\u00e3o ap\u00f3s beijo: &#039;N\u00e3o estou gostando nada&#039; &#8211; Terra"},"content":{"rendered":"<ol>\n<li><a href=\"https:\/\/news.google.com\/rss\/articles\/CBMi_AFBVV95cUxNOXJDb19hUksweTBIMmIzSVRHb1ZjdFkxV3p2N2NXU3BRYmNQQWdFU3JrdnVlSWRiOXRXN2FOVnU0T0hVM3gtcHVvbWV2S3lIVUdfakc5aTVHZUFVWGM4d19URGg4VXlnMFQwWUFKdFZJU2pwS2NNQTlnVzFYSnhJWTlsMkotSUE1RVZIYkR1Ymp4MHNoTUxSUFhkdVBSa0dXV25oWWNCRnh3OHgzYzljVWMtdDBfNFdVSkxVUjF2c0tvYUxiZ1hTMy1YZnpTU21hZlljMUZyS0JRclEtU083UGFaZy1Mei1kcldsa0hNcm9JUkZQOUxyMkFRX1E?oc=5\" target=\"_blank\" rel=\"nofollow noopener\">Tr\u00eas Gra\u00e7as: Viviane deixa Leonardo no ch\u00e3o ap\u00f3s beijo: &#8216;N\u00e3o estou gostando nada&#8217;<\/a>&nbsp;&nbsp;Terra<\/li>\n<li><a href=\"https:\/\/news.google.com\/rss\/articles\/CBMiuwFBVV95cUxONXdialB0SWpWTnRSSDJnTFVWazlRdGlXZlQ5QzVmeUN2NngxNG5QUWM5MGUycjZmNjNNU19qcVlWbmVBbnM2OWZwR0lBYURJRVZ5MWxSclRFbHNENXk3TnR1SEc3aUxNNzdNTG1RTWdzcXBoZzdJS2JtcDZWQWEzRVNfSjZjNEo4OEtsZ0psZmNOdDM3Q0tSaVp4UUNtTXF4OXUzSVVxQzkzS1J6dHhqRkMweE0tT1FWQzRN0gHKAUFVX3lxTFBCMjZ2UHEwZkJ0REVVWGZ3bE13QjVsNnpheXo2enhMUEhBOHlkUW5OR0stN25KVTJLZ2pTdDZwNVhVUzA2eUlIZFFsZHMyWWZwUFBVNHl3czMwemhQTHVKdjFvRS1RY1JyT2dnZXpGM2YwYzZSNlpMUlpRaU9LX1MxTWp1X2Rvcnc2TVJ0QVBTX2NRM2hGTEVRaWlBSFMtZUpqcmp3a01yWjVDd1F1NU84Nk03SUVxX1hMSF9ZaUxjNGIteFBXUTNnSnc?oc=5\" target=\"_blank\" rel=\"nofollow noopener\">Tr\u00eas Gra\u00e7as: Viviane d\u00e1 fora em Leonardo, ap\u00f3s beijo<\/a>&nbsp;&nbsp;Gshow<\/li>\n<li><a href=\"https:\/\/news.google.com\/rss\/articles\/CBMixwFBVV95cUxOekM3b2ZrbmFyNVVxZF8ya0JXQ3U2TkxSQXpwbmRDQUhFMWpBX3dHSTd1RE5wZmVWNkFIRkFLejdpdXNrWFhid3JnTmZ3YU51RTBPd1RuQmx4SFVVeFlIeWpQaWgydk82YUlPaXl3Zm1qa2xpRi1Rb1BEVHdLWFJVSzlaT1ZTS3ZEZldIN3hpRVBYRHVDT0xXaGQtUHFUSjR5SFlBTHQzQm52a01BUXQ3U3dqMjM4b0FrMkdaLW9wWHZhamJSckcw0gHWAUFVX3lxTE9qQ2hOWk5jRWk1Vk9qRWdNalBuSE5nbnFRTHRpN0pSU1RxQmhQMXBSaVBXcThWeUZNaDdJUzFUWUJXVTN1bThRblNmX3RMdzdCcjhocUU3dW9XTFRfbmJwOXVfYkZic1N6X3RjQ3phS2tMTk1QdlVTNkFCV1RCamF5Q2M4ZWp0T0UwXy0tM3dzTmQ4Y0pKb3pnWkdSb3d3TFJOTzBvcG5FYjZMUHE1cXhkUFJtYlVWelNDa3FBc1NsdzJXNjI1ZzdnZm5QZEdqMGdTNm50d1E?oc=5\" target=\"_blank\" rel=\"nofollow noopener\">A atitude de Leonardo que o far\u00e1 se arrepender amargamente em Tr\u00eas Gra\u00e7as<\/a>&nbsp;&nbsp;Not\u00edcias da TV<\/li>\n<li><a href=\"https:\/\/news.google.com\/rss\/articles\/CBMi_gFBVV95cUxNRUxyaC1CMFdNajdHaWVpLTNIOU4wQllkV29leTRmdDV2SzV4eWdoWE4xcDBOUmVPS0l3ZWQzRTFNS1FOSHZJVEFpOXVha3lpUnItRVhzQWRJUXgteUdqN3BQT1J5MzBBd2M2T2tHQ1l4aDJoa2EzNklLNnAwNFFmYzNOc25ZM19jVHhLaFhydHozTGx0ZU9Vc3g1MnYwck5BY2NUenlDQTdnYlJ0eWJGOVBTSWxPWWRQYjBNVjV4cVJNbXQ3YWxIMTNjZFc5cXJDRDZ6VzRvYzRyYlNkd0phMFdhR2RwdXpkTklYUE51MlItRnpMVHN3Um8wRlFNdw?oc=5\" target=\"_blank\" rel=\"nofollow noopener\">Gabriela Loran, a Viviane de &#8216;Tr\u00eas Gra\u00e7as&#8217; mostra foto de antes da transi\u00e7\u00e3o de g\u00eanero<\/a>&nbsp;&nbsp;Terra<\/li>\n<li><a href=\"https:\/\/news.google.com\/rss\/articles\/CBMi4AFBVV95cUxPOHRITGZtT1VjMDFDQi1HVFMzc2FKYkZEVm02N2FzYkNZTXBUSTRBckFFbEJwX2xOUklXRlVHVnhqd0lKRGNUaVJKcHNTUzJPZTZQODNXWHhidHRyS1hrbXFmUFFHQ3FVX0s0dWdxZ0ZCWlVFMzV4dmoxN2M2N3RsTXl0Z0Nac29vSHJhYkE5X0dmSElYU3p3eFFrMXlCdUtCWXB3dG9JSGQtU0dmN25jejVZSnQ0d01zaWprZVo4UlJRUUVTYmxyeWlnUzB6RVNjdUpmYVhFVkF0cld1ODV6bw?oc=5\" target=\"_blank\" rel=\"nofollow noopener\">Viviane de Tr\u00eas Gra\u00e7as \u00e9 trans na vida real? Veja o antes e depois da atriz Gabriela Loran<\/a>&nbsp;&nbsp;O TEMPO<\/li>\n<\/ol>\n","protected":false},"excerpt":{"rendered":"Tr\u00eas Gra\u00e7as: Viviane deixa Leonardo no ch\u00e3o ap\u00f3s beijo: &#8216;N\u00e3o estou gostando nada&#8217;&nbsp;&nbsp;Terra Tr\u00eas Gra\u00e7as: Viviane d\u00e1 fora&hellip;\n","protected":false},"author":2,"featured_media":156794,"comment_status":"","ping_status":"","sticky":false,"template":"","format":"standard","meta":{"footnotes":""},"categories":[142],"tags":[114,115,32,33,151],"class_list":{"0":"post-159553","1":"post","2":"type-post","3":"status-publish","4":"format-standard","5":"has-post-thumbnail","7":"category-tv","8":"tag-entertainment","9":"tag-entretenimento","10":"tag-portugal","11":"tag-pt","12":"tag-tv"},"share_on_mastodon":{"url":"https:\/\/pubeurope.com\/@pt\/115585521000829012","error":""},"_links":{"self":[{"href":"https:\/\/www.europesays.com\/pt\/wp-json\/wp\/v2\/posts\/159553","targetHints":{"allow":["GET"]}}],"collection":[{"href":"https:\/\/www.europesays.com\/pt\/wp-json\/wp\/v2\/posts"}],"about":[{"href":"https:\/\/www.europesays.com\/pt\/wp-json\/wp\/v2\/types\/post"}],"author":[{"embeddable":true,"href":"https:\/\/www.europesays.com\/pt\/wp-json\/wp\/v2\/users\/2"}],"replies":[{"embeddable":true,"href":"https:\/\/www.europesays.com\/pt\/wp-json\/wp\/v2\/comments?post=159553"}],"version-history":[{"count":0,"href":"https:\/\/www.europesays.com\/pt\/wp-json\/wp\/v2\/posts\/159553\/revisions"}],"wp:featuredmedia":[{"embeddable":true,"href":"https:\/\/www.europesays.com\/pt\/wp-json\/wp\/v2\/media\/156794"}],"wp:attachment":[{"href":"https:\/\/www.europesays.com\/pt\/wp-json\/wp\/v2\/media?parent=159553"}],"wp:term":[{"taxonomy":"category","embeddable":true,"href":"https:\/\/www.europesays.com\/pt\/wp-json\/wp\/v2\/categories?post=159553"},{"taxonomy":"post_tag","embeddable":true,"href":"https:\/\/www.europesays.com\/pt\/wp-json\/wp\/v2\/tags?post=159553"}],"curies":[{"name":"wp","href":"https:\/\/api.w.org\/{rel}","templated":true}]}}