{"id":159560,"date":"2025-11-21T03:21:10","date_gmt":"2025-11-21T03:21:10","guid":{"rendered":"https:\/\/www.europesays.com\/pt\/159560\/"},"modified":"2025-11-21T03:21:10","modified_gmt":"2025-11-21T03:21:10","slug":"nuno-markl-hospitalizado-apos-sofrer-avc-pessoas","status":"publish","type":"post","link":"https:\/\/www.europesays.com\/pt\/159560\/","title":{"rendered":"Nuno Markl hospitalizado ap\u00f3s sofrer AVC | Pessoas"},"content":{"rendered":"<p>O humorista <a href=\"https:\/\/www.publico.pt\/Nuno-Markl\" rel=\"nofollow noopener\" target=\"_blank\">Nuno Markl<\/a> foi hospitalizado esta quinta-feira ap\u00f3s sofrer um <a href=\"https:\/\/www.publico.pt\/2024\/08\/19\/p3\/reportagem\/avc-20-anos-parecer-atestado-invalidez-mostram-vida-continua-2088550\" rel=\"nofollow noopener\" target=\"_blank\">acidente vascular cerebral (AVC)<\/a>, avan\u00e7aram o Correio da Manh\u00e3 e o Jornal de Not\u00edcias. N\u00e3o correr\u00e1 perigo de vida, noticiou mais tarde a SIC, citando fonte hospitalar.<\/p>\n<p>Markl, de 54 anos, ter-se-\u00e1 sentido indisposto em casa e dirigiu-se ao Hospital de Cascais, pr\u00f3ximo da sua \u00e1rea de resid\u00eancia, tendo sido posteriormente transferido para o Hospital S\u00e3o Francisco Xavier em Lisboa, onde permanece sob vigil\u00e2ncia.<\/p>\n<p>A R\u00e1dio Comercial, onde Markl participa na programa\u00e7\u00e3o matinal e mant\u00e9m h\u00e1 largos anos a rubrica <a href=\"https:\/\/www.publico.pt\/2022\/12\/15\/impar\/noticia\/nuno-markl-homem-mordeu-cao-intimismo-corrente-2029546\" rel=\"nofollow noopener\" target=\"_blank\">O Homem Que Mordeu o C\u00e3o<\/a>, publicou uma mensagem nas redes sociais na noite de quinta-feira. &#8220;Nuno, estamos todos contigo!&#8221;, l\u00ea-se na publica\u00e7\u00e3o, onde n\u00e3o \u00e9 indicada informa\u00e7\u00e3o sobre o estado de sa\u00fade do tamb\u00e9m co-apresentador do programa <a href=\"https:\/\/www.publico.pt\/2023\/05\/06\/culturaipsilon\/noticia\/taskmaster-vive-mistura-pompa-britanica-disparate-sucesso-2048725?Nuno-Markl\" rel=\"nofollow noopener\" target=\"_blank\">Taskmaster<\/a>, na RTP, com Vasco Palmeirim.<\/p>\n<p>        &#13;<\/p>\n<p>&#13;<br \/>\n                &#13;\n            <\/p>\n<p>&#13;<\/p>\n<p>Ex-argumentista nas <a href=\"https:\/\/www.publico.pt\/2009\/03\/13\/culturaipsilon\/noticia\/o-quotclusterquot-das-producoes-ficticias-225660\" rel=\"nofollow noopener\" target=\"_blank\">Produ\u00e7\u00f5es Fict\u00edcias<\/a>, onde escreveu para <a href=\"https:\/\/www.publico.pt\/Herman-Jose\" rel=\"nofollow noopener\" target=\"_blank\">Herman Jos\u00e9<\/a>, Markl foi tamb\u00e9m co-autor e actor n&#8217;Os Contempor\u00e2neos, com <a href=\"https:\/\/www.publico.pt\/bruno-nogueira\" rel=\"nofollow noopener\" target=\"_blank\">Bruno Nogueira<\/a>, com quem gravou mais tarde o podcast <a href=\"https:\/\/www.publico.pt\/2015\/06\/14\/culturaipsilon\/noticia\/nao-deve-ler-esta-entrevistacontem-palavreado-altamente-ofensivo-1698311\" rel=\"nofollow noopener\" target=\"_blank\">Uma N\u00easpera no Cu<\/a> e colaborou no fen\u00f3meno pand\u00e9mico <a href=\"https:\/\/www.publico.pt\/2020\/05\/15\/culturaipsilon\/noticia\/bicho-deixa-mexer-noite-nao-morre-1916782\" rel=\"nofollow noopener\" target=\"_blank\">Como \u00e9 que o Bicho Mexe<\/a>.<\/p>\n<p>Na SIC Radical, Markl apresentou com Fernando Alvim o programa O Perfeito Anormal, rampa de lan\u00e7amento dos Gato Fedorento de <a href=\"https:\/\/www.publico.pt\/ricardo-araujo-pereira\" rel=\"nofollow noopener\" target=\"_blank\">Ricardo Ara\u00fajo Pereira<\/a>. Na RTP, foi um dos apresentadores do 5 Para a Meia-Noite e um dos criadores da <a href=\"https:\/\/www.publico.pt\/2017\/08\/15\/culturaipsilon\/noticia\/1986-o-ano-em-que-se-viveu-perigosamente-entre-freitas-e-soares-e-na-cabeca-de-nuno-markl-1782319\" rel=\"nofollow noopener\" target=\"_blank\">s\u00e9rie 1986<\/a>.<\/p>\n<p>Nuno Markl \u00e9 filho do historiador <a href=\"https:\/\/www.publico.pt\/2010\/04\/06\/jornal\/19392010-dagoberto-marklo-sabio-que-vivia-no-museu-de-arte-antiga-e-falava-aos-estudantes-19132310\" rel=\"nofollow noopener\" target=\"_blank\">Dagoberto Markl<\/a> (1939-2010) e irm\u00e3o da ex-jornalista e tamb\u00e9m radialista <a href=\"https:\/\/www.publico.pt\/2023\/12\/03\/impar\/noticia\/ana-nuno-markl-dois-introvertidos-obrigados-extrovertidos-2070586\" rel=\"nofollow noopener\" target=\"_blank\">Ana Markl<\/a>.<\/p>\n<p>        &#13;<\/p>\n<p>&#13;<br \/>\n                &#13;\n            <\/p>\n<p>&#13;<\/p>\n","protected":false},"excerpt":{"rendered":"O humorista Nuno Markl foi hospitalizado esta quinta-feira ap\u00f3s sofrer um acidente vascular cerebral (AVC), avan\u00e7aram o Correio&hellip;\n","protected":false},"author":2,"featured_media":159561,"comment_status":"","ping_status":"","sticky":false,"template":"","format":"standard","meta":{"footnotes":""},"categories":[85],"tags":[995,1493,353,114,115,222,708,11435,712,32,33,766,218],"class_list":{"0":"post-159560","1":"post","2":"type-post","3":"status-publish","4":"format-standard","5":"has-post-thumbnail","7":"category-entretenimento","8":"tag-abre-conteudo","9":"tag-avc","10":"tag-em-destaque","11":"tag-entertainment","12":"tag-entretenimento","13":"tag-humor","14":"tag-impar","15":"tag-nuno-markl","16":"tag-pessoas","17":"tag-portugal","18":"tag-pt","19":"tag-radio","20":"tag-televisao"},"share_on_mastodon":{"url":"https:\/\/pubeurope.com\/@pt\/115585540625082626","error":""},"_links":{"self":[{"href":"https:\/\/www.europesays.com\/pt\/wp-json\/wp\/v2\/posts\/159560","targetHints":{"allow":["GET"]}}],"collection":[{"href":"https:\/\/www.europesays.com\/pt\/wp-json\/wp\/v2\/posts"}],"about":[{"href":"https:\/\/www.europesays.com\/pt\/wp-json\/wp\/v2\/types\/post"}],"author":[{"embeddable":true,"href":"https:\/\/www.europesays.com\/pt\/wp-json\/wp\/v2\/users\/2"}],"replies":[{"embeddable":true,"href":"https:\/\/www.europesays.com\/pt\/wp-json\/wp\/v2\/comments?post=159560"}],"version-history":[{"count":0,"href":"https:\/\/www.europesays.com\/pt\/wp-json\/wp\/v2\/posts\/159560\/revisions"}],"wp:featuredmedia":[{"embeddable":true,"href":"https:\/\/www.europesays.com\/pt\/wp-json\/wp\/v2\/media\/159561"}],"wp:attachment":[{"href":"https:\/\/www.europesays.com\/pt\/wp-json\/wp\/v2\/media?parent=159560"}],"wp:term":[{"taxonomy":"category","embeddable":true,"href":"https:\/\/www.europesays.com\/pt\/wp-json\/wp\/v2\/categories?post=159560"},{"taxonomy":"post_tag","embeddable":true,"href":"https:\/\/www.europesays.com\/pt\/wp-json\/wp\/v2\/tags?post=159560"}],"curies":[{"name":"wp","href":"https:\/\/api.w.org\/{rel}","templated":true}]}}