{"id":159562,"date":"2025-11-21T03:23:17","date_gmt":"2025-11-21T03:23:17","guid":{"rendered":"https:\/\/www.europesays.com\/pt\/159562\/"},"modified":"2025-11-21T03:23:17","modified_gmt":"2025-11-21T03:23:17","slug":"negocio-da-norte-americana-barbara-corcoran-chega-a-portugal-e-ja-tem-e300-milhoes-em-imoveis-de-luxo-expresso-2","status":"publish","type":"post","link":"https:\/\/www.europesays.com\/pt\/159562\/","title":{"rendered":"Neg\u00f3cio da norte-americana Barbara Corcoran chega a Portugal e j\u00e1 tem \u20ac300 milh\u00f5es em im\u00f3veis de luxo &#8211; Expresso"},"content":{"rendered":"<ol>\n<li><a href=\"https:\/\/news.google.com\/rss\/articles\/CBMi_wFBVV95cUxPQ2RqbDJEY3B0Q3hnSnlTZ0hsejcyc2s4bERFVFlreGFRczZnSmljMV9oMk45X3d1VWdGRDk0ZGVWTjRsbXlFTFUwZXBuWThNVDV6cGpWMDkxTlV6eU90X2p4QVRmZmRlMy1ibXFkWUNDWXU2d1Aza0pBMU0tcXJ1QTFyWlBoMjZodEVWcUdWdmV4dVd5bFlzRnB0UXRzbmdlQjcyb1N2ZURKYy1kZmlZOXVtWGk2MVZyNzBERWRKQVRlSldia1VXcndqbkhKUzBmTWNMSjNnWEdFbTA1cDZ0eENtRnUzNk9CeWJGdmtfWVV4N1NzZUZ5ak5TRkVtMnc?oc=5\" target=\"_blank\" rel=\"nofollow noopener\">Neg\u00f3cio da norte-americana Barbara Corcoran chega a Portugal e j\u00e1 tem \u20ac300 milh\u00f5es em im\u00f3veis de luxo<\/a>&nbsp;&nbsp;Expresso<\/li>\n<li><a href=\"https:\/\/news.google.com\/rss\/articles\/CBMiwwFBVV95cUxNcUthMWUwSWIxdkhueWpaeFNSU25GWjJSQW1Ic1p5UVdFcnUxY1htd0ZHMGlXcEpKSGtZdkF4bHdEMUVFeklVOVk3TEU2SG9Id3RUTlRMMGZoaDNMaGVhbWRydlRpUnplNElKSmxzYkhDc3pRQjZaU1RTUnh3MWVEbVNQOGVjRWVoVDdEX1pjUVNVblU0NDFyOGljbjZ4ZzdfRnk4eHRtZTNIUEZYRjRhSlZyZ283TXhka0s1OGlleGpJQzg?oc=5\" target=\"_blank\" rel=\"nofollow noopener\">Corcoran Atlantic entra no mercado imobili\u00e1rio de luxo em Portugal com escrit\u00f3rio em Lisboa<\/a>&nbsp;&nbsp;dinheiro vivo<\/li>\n<li><a href=\"https:\/\/news.google.com\/rss\/articles\/CBMi4wFBVV95cUxOUHM1RVptcGZJcmgtRkc1WHIzZ1lldmh1dFIwRTJWNGtwdTZndWJtazJscDNBZHEtOUViSU9pQlFWeldnNXR5cnM5SHZUUVZSVHpCMUNUdTAzUVZxekNCZFdOcUlHZi10Nk9aTzF0YXVURFVrcmxwdHd3LVJhR1U1LTcxWVNfdFhzcVBsWUUwRXlSRC1ZVUxGV2xyX3k0aTBSeFlCaXpQVmljanlqNF9PcWE3UnhXR0JCTTlzbm5NQ2JNTmJVa2FvNWhQZ2pBeGo2UURCQ1FrdXJWZS1RV1BGVmo0aw?oc=5\" target=\"_blank\" rel=\"nofollow noopener\">Imobili\u00e1ria de estrela do &#8220;Lago dos Tubar\u00f5es&#8221; chega a Lisboa. Hugo Santos Ferreira ser\u00e1 CEO<\/a>&nbsp;&nbsp;Jornal de Neg\u00f3cios<\/li>\n<li><a href=\"https:\/\/news.google.com\/rss\/articles\/CBMi0gFBVV95cUxOSV9CaFAtSUdlcTBGWU9hSlhXN1VYeXdmREg2UVRjeW5OUUdleTNaY0xiR1F5ak5ocnpETjdUalN5NnpqOUZ1NVlVWUJ0Umtyd1pfNDFxbmxNS2k2a0tlVDZfYjlSakRmWmE2XzFsalZaTl9KYXI2UjMwNWlyaUZGa1BVWDVRRGpnWWp2YjhjNU10ZnBDd1l2aTZhZ0M2UVRsYk13VEpYZWFQMjZhdU9OQkFyV2p6WHA5dGQwU3VVUTB3LVZselliU0lBdDFTUjRoYWfSAdcBQVVfeXFMTUczZk9YVjFTUDN0RVJKUFNmMXNLdmwzSGVQazNRdlNpT042elAxMUNsT0w1THlJMU5zYTI2Ni1lRzZfRlBDdHJxS2RxeDAzV1dWLW5HRnVaakVVelI2Z2QtYV9Bc2p3ZFNjNTRyZXpHbmRRV1ctRVJxRDdEd3NxNVJveVNfcU1QYnJLWkpXRFZ0S2ZzRkZGZEJLaW1LVl9KLUpOV0VLbVUzYVZOWmVkRUVITmdEcTNGRUVHbDNEX0VxRmktRFFKa0hZeWJ0LXJueFk4cHp0elE?oc=5\" target=\"_blank\" rel=\"nofollow noopener\">Presidente da APPII vai liderar nova imobili\u00e1ria de luxo em Portugal<\/a>&nbsp;&nbsp;Idealista<\/li>\n<li><a href=\"https:\/\/news.google.com\/rss\/articles\/CBMimAFBVV95cUxNY1dmSnhJekhxUHBtT1g4MExGa0Z1UzFZbFdDV2J5Zl9aWUp2QXpRaWgwSmtVdUhjblRmZmxKVFhELXNjQUJUSmhVVlRFRzhhNmNCbEZ2YUFzNW4teGVxMHFFcnlMUG1JU09rU2tqOWZKRVVZRVZKbTg2RC1CWFFYb1hTUXZTb1ZuYmZBQmNiVDh3eEhpZUtvNw?oc=5\" target=\"_blank\" rel=\"nofollow noopener\">Chegada da Corcoran em Portugal<\/a>&nbsp;&nbsp;The Portugal News<\/li>\n<\/ol>\n","protected":false},"excerpt":{"rendered":"Neg\u00f3cio da norte-americana Barbara Corcoran chega a Portugal e j\u00e1 tem \u20ac300 milh\u00f5es em im\u00f3veis de luxo&nbsp;&nbsp;Expresso Corcoran&hellip;\n","protected":false},"author":2,"featured_media":156794,"comment_status":"","ping_status":"","sticky":false,"template":"","format":"standard","meta":{"footnotes":""},"categories":[83],"tags":[88,89,90,32,33],"class_list":{"0":"post-159562","1":"post","2":"type-post","3":"status-publish","4":"format-standard","5":"has-post-thumbnail","7":"category-empresas","8":"tag-business","9":"tag-economy","10":"tag-empresas","11":"tag-portugal","12":"tag-pt"},"share_on_mastodon":{"url":"https:\/\/pubeurope.com\/@pt\/115585548492960475","error":""},"_links":{"self":[{"href":"https:\/\/www.europesays.com\/pt\/wp-json\/wp\/v2\/posts\/159562","targetHints":{"allow":["GET"]}}],"collection":[{"href":"https:\/\/www.europesays.com\/pt\/wp-json\/wp\/v2\/posts"}],"about":[{"href":"https:\/\/www.europesays.com\/pt\/wp-json\/wp\/v2\/types\/post"}],"author":[{"embeddable":true,"href":"https:\/\/www.europesays.com\/pt\/wp-json\/wp\/v2\/users\/2"}],"replies":[{"embeddable":true,"href":"https:\/\/www.europesays.com\/pt\/wp-json\/wp\/v2\/comments?post=159562"}],"version-history":[{"count":0,"href":"https:\/\/www.europesays.com\/pt\/wp-json\/wp\/v2\/posts\/159562\/revisions"}],"wp:featuredmedia":[{"embeddable":true,"href":"https:\/\/www.europesays.com\/pt\/wp-json\/wp\/v2\/media\/156794"}],"wp:attachment":[{"href":"https:\/\/www.europesays.com\/pt\/wp-json\/wp\/v2\/media?parent=159562"}],"wp:term":[{"taxonomy":"category","embeddable":true,"href":"https:\/\/www.europesays.com\/pt\/wp-json\/wp\/v2\/categories?post=159562"},{"taxonomy":"post_tag","embeddable":true,"href":"https:\/\/www.europesays.com\/pt\/wp-json\/wp\/v2\/tags?post=159562"}],"curies":[{"name":"wp","href":"https:\/\/api.w.org\/{rel}","templated":true}]}}