{"id":159565,"date":"2025-11-21T03:30:22","date_gmt":"2025-11-21T03:30:22","guid":{"rendered":"https:\/\/www.europesays.com\/pt\/159565\/"},"modified":"2025-11-21T03:30:22","modified_gmt":"2025-11-21T03:30:22","slug":"ana-cristina-aponta-o-dedo-a-concorrente-de-secret-story-que-se-mostre-mais-da-farsa-que-ele-e","status":"publish","type":"post","link":"https:\/\/www.europesays.com\/pt\/159565\/","title":{"rendered":"Ana Cristina aponta o dedo a concorrente de &#8220;Secret Story&#8221;: &#8220;Que se mostre mais da farsa que ele \u00e9&#8221;"},"content":{"rendered":"<p>A inimizade entre <a href=\"https:\/\/selfie.iol.pt\/famosos\/casa-dos-segredos-9\/apos-adeus-a-secret-story-ana-cristina-arrasa-concorrente-fiquei-muito-contente-por-saber-que-ele-e-odiado\/20251117\/691b5e5fd34e3caad84b6372\" target=\"_blank\" rel=\"nofollow noopener\">Ana Cristina Ferreira<\/a> e Bruno Sim\u00e3o come\u00e7ou dentro da nona edi\u00e7\u00e3o de &#8220;Secret Story &#8211; Casa dos Segredos&#8221; . Agora que saiu da mans\u00e3o da Malveira, a ex-concorrente do reality show da <a href=\"https:\/\/tvi.iol.pt\/\" target=\"_blank\" rel=\"nofollow noopener\">TVI<\/a> mant\u00e9m-se irredut\u00edvel na opini\u00e3o que tem acerca do rival.<\/p>\n<p>No X, antigo Twitter, foi publicado um v\u00eddeo em que\u00a0uma mulher que denuncia alegadas rea\u00e7\u00f5es de Bruno Sim\u00e3o, casado, a partilhas feitas pela pr\u00f3pria no Instagram.<\/p>\n<p><a href=\"https:\/\/selfie.iol.pt\/famosos\/casa-dos-segredos-9\/ana-cristina-enervada-com-possivel-vencedor-de-secret-story-que-raiva\/20251117\/691b5848d34e3caad84b632b\" target=\"_blank\" rel=\"nofollow noopener\">Ana Cristina Ferreira<\/a> n\u00e3o ficou indiferente. &#8220;Que se mostre mais da farsa que ele \u00e9&#8221;, desejou a ex-moradora da casa mais vigiada do Pa\u00eds.<\/p>\n<p>Veja, agora, os v\u00eddeos da entrevista concedida pela ex-participante de &#8220;<a href=\"https:\/\/tvi.iol.pt\/secretstory\/\" target=\"_blank\" rel=\"nofollow noopener\">Secret Story<\/a> &#8211; Casa dos Segredos&#8221; no matutino &#8220;<a href=\"https:\/\/tvi.iol.pt\/doisas10\/\" target=\"_blank\" rel=\"nofollow noopener\">Dois \u00e0s 10<\/a>&#8220;.<\/p>\n<blockquote class=\"twitter-tweet\">\n<p lang=\"pt\">\ud83d\ude0f\ud83d\ude0f que se mostre mais da farsa que ele \u00e9 \ud83e\udd73<\/p>\n<p> \u2014 Ana Cristina Ferreira (@anaacsfer) <a href=\"https:\/\/twitter.com\/anaacsfer\/status\/1990533871272931531?ref_src=twsrc%5Etfw\" rel=\"nofollow noopener\" target=\"_blank\">November 17, 2025<\/a>\n<\/p><\/blockquote>\n<p>\u00a0<\/p>\n<p>                        <script async src=\"https:\/\/platform.twitter.com\/widgets.js\" charset=\"utf-8\"><\/script><\/p>\n","protected":false},"excerpt":{"rendered":"A inimizade entre Ana Cristina Ferreira e Bruno Sim\u00e3o come\u00e7ou dentro da nona edi\u00e7\u00e3o de &#8220;Secret Story &#8211;&hellip;\n","protected":false},"author":2,"featured_media":159566,"comment_status":"","ping_status":"","sticky":false,"template":"","format":"standard","meta":{"footnotes":""},"categories":[142],"tags":[6340,19725,31505,3768,19139,2632,13471,6338,114,115,6309,980,619,32,33,1014,1315,6985,16687,16686,1012,6986,16688,151,162,3664],"class_list":{"0":"post-159565","1":"post","2":"type-post","3":"status-publish","4":"format-standard","5":"has-post-thumbnail","7":"category-tv","8":"tag-ana","9":"tag-ana-cristina","10":"tag-ana-cristina-ferreira","11":"tag-bruno","12":"tag-bruno-simao","13":"tag-casa-dos-segredos","14":"tag-casa-dos-segredos-9","15":"tag-concorrente","16":"tag-entertainment","17":"tag-entretenimento","18":"tag-ex-concorrente","19":"tag-famosos","20":"tag-nacional","21":"tag-portugal","22":"tag-pt","23":"tag-reality-show","24":"tag-secret-story","25":"tag-secret-story-casa-dos-segredos","26":"tag-secret-story-casa-dos-segredos-9","27":"tag-secret-story-9","28":"tag-selfie","29":"tag-ss","30":"tag-ss9","31":"tag-tv","32":"tag-tvi","33":"tag-twitter"},"share_on_mastodon":{"url":"https:\/\/pubeurope.com\/@pt\/115585576626115308","error":""},"_links":{"self":[{"href":"https:\/\/www.europesays.com\/pt\/wp-json\/wp\/v2\/posts\/159565","targetHints":{"allow":["GET"]}}],"collection":[{"href":"https:\/\/www.europesays.com\/pt\/wp-json\/wp\/v2\/posts"}],"about":[{"href":"https:\/\/www.europesays.com\/pt\/wp-json\/wp\/v2\/types\/post"}],"author":[{"embeddable":true,"href":"https:\/\/www.europesays.com\/pt\/wp-json\/wp\/v2\/users\/2"}],"replies":[{"embeddable":true,"href":"https:\/\/www.europesays.com\/pt\/wp-json\/wp\/v2\/comments?post=159565"}],"version-history":[{"count":0,"href":"https:\/\/www.europesays.com\/pt\/wp-json\/wp\/v2\/posts\/159565\/revisions"}],"wp:featuredmedia":[{"embeddable":true,"href":"https:\/\/www.europesays.com\/pt\/wp-json\/wp\/v2\/media\/159566"}],"wp:attachment":[{"href":"https:\/\/www.europesays.com\/pt\/wp-json\/wp\/v2\/media?parent=159565"}],"wp:term":[{"taxonomy":"category","embeddable":true,"href":"https:\/\/www.europesays.com\/pt\/wp-json\/wp\/v2\/categories?post=159565"},{"taxonomy":"post_tag","embeddable":true,"href":"https:\/\/www.europesays.com\/pt\/wp-json\/wp\/v2\/tags?post=159565"}],"curies":[{"name":"wp","href":"https:\/\/api.w.org\/{rel}","templated":true}]}}