{"id":159567,"date":"2025-11-21T03:31:17","date_gmt":"2025-11-21T03:31:17","guid":{"rendered":"https:\/\/www.europesays.com\/pt\/159567\/"},"modified":"2025-11-21T03:31:17","modified_gmt":"2025-11-21T03:31:17","slug":"por-que-a-palavra-do-ano-foi-associada-aos-fas-da-taylor-swift-r7-entretenimento","status":"publish","type":"post","link":"https:\/\/www.europesays.com\/pt\/159567\/","title":{"rendered":"por que a palavra do ano foi associada aos f\u00e3s da Taylor Swift \u2013 R7 Entretenimento"},"content":{"rendered":"<p>LEIA AQUI O RESUMO DA NOT\u00cdCIA<\/p>\n<ul class=\"b-article-body-custom-embed-brief-news__list\" style=\"margin: 0; padding-left: 20px; list-style-type: disc;\">\n<li>O termo &#8220;parassocial&#8221; descreve a conex\u00e3o emocional com celebridades desconhecidas.<\/li>\n<li>A palavra do ano foi associada ao noivado de Taylor Swift com Travis Kelce.<\/li>\n<li>O interesse pelo termo aumentou nas buscas ap\u00f3s o an\u00fancio do noivado.<\/li>\n<li>A ideia de v\u00ednculos parassociais existe desde a d\u00e9cada de 1950, mas se tornou popular recentemente.<\/li>\n<\/ul>\n<p style=\"font-size: 0.8em; font-style: italic; text-align: right; margin-top: 15px; padding-bottom: 5px; margin-bottom: 0;\">Produzido pela Ri7a &#8211; a Intelig\u00eancia Artificial do R7<\/p>\n<p><img decoding=\"async\" data-chromatic=\"ignore\" alt=\"\" class=\"c-image\" loading=\"lazy\" src=\"https:\/\/www.europesays.com\/pt\/wp-content\/uploads\/2025\/11\/DYJDPG23Y5B7JEYYKM6MCHOO4E.jpeg\"  width=\"1031\" height=\"600\"\/>F\u00e3s descrevem a &#8216;sensa\u00e7\u00e3o parassocial&#8217; que sentem quando a cantora anuncia uma novidade Reprodu\u00e7\u00e3o\/Instagram\/@taylorswift <\/p>\n<p class=\"jarvics:base-text-neutral-high-400 base-text-[calc(theme(fontSize.xs)_*_var(--font-size,_1))] base-font-normal base-font-primary base-text-neutral-low-500 base-text-left\">Quando <a href=\"https:\/\/www.r7.com\/tudo-sobre\/taylor-swift\/\" target=\"_self\" rel=\"nofollow noopener\" title=\"https:\/\/www.r7.com\/tudo-sobre\/taylor-swift\/\">Taylor Swift<\/a> anunciou o <a href=\"https:\/\/entretenimento.r7.com\/famosos-e-tv\/veja-os-detalhes-do-noivado-de-taylor-swift-com-travis-kelce-que-voce-pode-ter-perdido-27082025\/\" target=\"_self\" rel=\"nofollow noopener\" title=\"https:\/\/entretenimento.r7.com\/famosos-e-tv\/veja-os-detalhes-do-noivado-de-taylor-swift-com-travis-kelce-que-voce-pode-ter-perdido-27082025\/\">noivado<\/a> com o jogador <a href=\"https:\/\/esportes.r7.com\/mais-esportes\/nfl\/por-que-travis-kelce-foi-multado-em-r-77000-por-gesto-obsceno-durante-jogo-da-nfl-22092025\/\" target=\"_self\" rel=\"nofollow noopener\" title=\"https:\/\/esportes.r7.com\/mais-esportes\/nfl\/por-que-travis-kelce-foi-multado-em-r-77000-por-gesto-obsceno-durante-jogo-da-nfl-22092025\/\">Travis Kelce<\/a>, f\u00e3s comemoraram como se fossem amigos ou familiares da cantora. Esse v\u00ednculo emocional tem nome: parassocial, termo que foi eleito a palavra do ano pelo Dicion\u00e1rio de Cambridge.<\/p>\n<p class=\"jarvics:base-text-neutral-high-400 base-text-[calc(theme(fontSize.xs)_*_var(--font-size,_1))] base-font-normal base-font-primary base-text-neutral-low-500 base-text-left\">O adjetivo descreve a conex\u00e3o que algu\u00e9m sente com uma pessoa famosa que n\u00e3o conhece, como um personagem de livro, filme e at\u00e9 com o ChatGPT.<\/p>\n<p class=\"jarvics:base-text-neutral-high-400 base-text-[calc(theme(fontSize.xs)_*_var(--font-size,_1))] base-font-normal base-font-primary base-text-neutral-low-500 base-text-left\">Segundo o dicion\u00e1rio, o an\u00fancio de noivado de Taylor fez as buscas por \u201cparassocial\u201d dispararem, motivo pelo qual ela foi usada como exemplo do termo. Outro caso \u00e9 o de pessoas que desenvolvem algum tipo de v\u00ednculo com intelig\u00eancias artificiais, chegando a trat\u00e1-las como uma esp\u00e9cie de \u201cterapeuta\u201d.<\/p>\n<p class=\"jarvics:base-text-neutral-high-400 base-text-[calc(theme(fontSize.xs)_*_var(--font-size,_1))] base-font-normal base-font-primary base-text-neutral-low-500 base-text-left\">Apesar das rela\u00e7\u00f5es com assuntos atuais, a ideia existe desde a d\u00e9cada de 1950, quando pesquisadores da Universidade de Chicago perceberam que as pessoas criavam la\u00e7os com personalidades da televis\u00e3o.<\/p>\n<p class=\"jarvics:base-text-neutral-high-400 base-text-[calc(theme(fontSize.xs)_*_var(--font-size,_1))] base-font-normal base-font-primary base-text-neutral-low-500 base-text-left\">Agora, o termo \u00e9 usado no cotidiano. \u201cEssa foi, sem d\u00favida, a sensa\u00e7\u00e3o mais parassocial que tive em muito tempo. Muito feliz pela minha amiga querida, Taylor Swift!\u201d, escreveu um internauta quando a cantora anunciou que se tornou dona dos direitos autorais de suas m\u00fasicas.<\/p>\n<blockquote class=\"twitter-tweet\">\n<p lang=\"en\" dir=\"ltr\">this is lowkey the most parasocial i\u2019ve felt in a while. very happy for my close personal friend taylor swift !!! <a href=\"https:\/\/t.co\/NyHKQa3fmb\" rel=\"nofollow\">https:\/\/t.co\/NyHKQa3fmb<\/a><\/p>\n<p>\u2014 dorian grays last brain cell (@womanmadehorror) <a href=\"https:\/\/twitter.com\/womanmadehorror\/status\/1928476502724665737?ref_src=twsrc%5Etfw\" rel=\"nofollow noopener\" target=\"_blank\">May 30, 2025<\/a><\/p><\/blockquote>\n<p class=\"jarvics:base-text-neutral-high-400 base-text-[calc(theme(fontSize.xs)_*_var(--font-size,_1))] base-font-normal base-font-primary base-text-neutral-low-500 base-text-left\">O dicion\u00e1rio ainda fez uma brincadeira no Instagram, com um \u201cbingo\u201d de atitudes consideradas parassociais. Entre elas est\u00e3o saber o nome do pet de uma celebridade, defender um influenciador online, agradecer a um chat de IA e pensar que um famoso \u00e9 seu amigo ou cham\u00e1-lo de \u201cbestie\u201d.<\/p>\n<p class=\"jarvics:base-text-neutral-high-400 base-text-[calc(theme(fontSize.xs)_*_var(--font-size,_1))] base-font-normal base-font-primary base-text-neutral-low-500 base-text-left\">\u201cNenhum dessas, na verdade! Espero n\u00e3o ser antiparassocial!\u201d, escreveu um seguidor. \u201cQuem disser [que n\u00e3o faz essas coisas] n\u00e3o est\u00e1 dizendo a verdade\u201d, comentou outra.<\/p>\n<p><video controls=\"\" class=\"video-js\" preload=\"metadata\" poster=\"https:\/\/d22yf0mxeu0gma.cloudfront.net\/09-24-2025\/t_1cd95dd3d015418cac96fa27d55fecdb_name_matheus_.jpg\" title=\"'&#xC9; uma conex&#xE3;o rara' diz f&#xE3; brasileiro sobre rela&#xE7;&#xE3;o de 10 anos com Katy Perry\" data-sprite-url=\"\" data-metadata=\"{&quot;title&quot;:&quot;'&#xC9; uma conex&#xE3;o rara' diz f&#xE3; brasileiro sobre rela&#xE7;&#xE3;o de 10 anos com Katy Perry&quot;,&quot;sectionName&quot;:&quot;R7&quot;,&quot;mainSection&quot;:&quot;Famosos e TV&quot;,&quot;subSection&quot;:&quot;&quot;,&quot;views&quot;:&quot;&quot;,&quot;disableAdv&quot;:&quot;false&quot;,&quot;createdDate&quot;:&quot;2025-09-24T21:25:16Z&quot;,&quot;mainSectionUrl&quot;:&quot;https:\/\/noticias.r7.com\/rio-de-janeiro\/r7-fala-comigo\/video\/e-uma-conexao-rara-diz-fa-brasileiro-sobre-relacao-de-10-anos-com-katy-perry-25092025\/&quot;,&quot;sectionPath&quot;:&quot;https:\/\/noticias.r7.com\/rio-de-janeiro\/r7-fala-comigo&quot;,&quot;ageRating&quot;:&quot;&quot;,&quot;ageRatingDescription&quot;:&quot;&quot;,&quot;duration&quot;:1281179,&quot;playerUrl&quot;:&quot;https:\/\/noticias.r7.com\/player\/7e92276b-23c1-444d-84ca-6489df01040d\/&quot;}\" data-player-params=\"{&quot;p&quot;:&quot;true&quot;,&quot;autoPlay&quot;:&quot;false&quot;,&quot;logo&quot;:&quot;true&quot;,&quot;playlistId&quot;:&quot;false&quot;,&quot;calhau&quot;:&quot;false&quot;,&quot;share&quot;:&quot;true&quot;,&quot;sz&quot;:&quot;false&quot;,&quot;full&quot;:&quot;true&quot;,&quot;customAdHash&quot;:&quot;\/7542\/R7entretenimento\/famosostv&quot;,&quot;referrerUrl&quot;:&quot;&quot;,&quot;externalLinks&quot;:&quot;true&quot;,&quot;debug&quot;:&quot;false&quot;,&quot;debugHash&quot;:&quot;false&quot;,&quot;debugRelated&quot;:&quot;false&quot;,&quot;timerRelated&quot;:&quot;true&quot;,&quot;logoRecord&quot;:&quot;false&quot;,&quot;contextModal&quot;:&quot;false&quot;,&quot;parentUrl&quot;:&quot;https:\/\/record.r7.com\/&quot;,&quot;t&quot;:&quot;0&quot;,&quot;noTitle&quot;:false,&quot;endBehavior&quot;:&quot;default&quot;}\" data-related-videos=\"[{&quot;title&quot;:&quot;M&#xE9;dico explica nova regra que muda t&#xE9;cnica de manobra em casos de engasgo&quot;,&quot;thumb&quot;:&quot;https:\/\/d22yf0mxeu0gma.cloudfront.net\/11-19-2025\/t_462b7b7cbe1a47ed8d016d75b9d79305_name_Captura_de_tela_2025_11_19_191854.png&quot;,&quot;url&quot;:&quot;https:\/\/noticias.r7.com\/rio-de-janeiro\/r7-fala-comigo\/video\/medico-explica-nova-regra-que-muda-tecnica-de-manobra-em-casos-de-engasgo-20112025\/&quot;,&quot;embedUrl&quot;:&quot;https:\/\/noticias.r7.com\/player\/b5027885-0289-4bd8-86e9-1fad7ffbc920\/&quot;},{&quot;title&quot;:&quot;PM carioca que viralizou fala sobre voz forte nas redes e defesa das mulheres&quot;,&quot;thumb&quot;:&quot;https:\/\/d22yf0mxeu0gma.cloudfront.net\/11-13-2025\/t_c801da110fa54cbd87d5dd9a0f778a1e_name_munique_busson.jpg&quot;,&quot;url&quot;:&quot;https:\/\/noticias.r7.com\/rio-de-janeiro\/r7-fala-comigo\/video\/pm-carioca-que-viralizou-fala-sobre-voz-forte-nas-redes-e-defesa-das-mulheres-13112025\/&quot;,&quot;embedUrl&quot;:&quot;https:\/\/noticias.r7.com\/player\/ba225d3c-6e9d-4831-9fac-69cc024c9c45\/&quot;},{&quot;title&quot;:&quot;Diretor-geral da For&#xE7;a Municipal detalha atua&#xE7;&#xE3;o da nova tropa armada no Rio&quot;,&quot;thumb&quot;:&quot;https:\/\/d22yf0mxeu0gma.cloudfront.net\/11-05-2025\/t_a6d08e63ad25428288c65d1fb66af2fe_name_brenno_.jpg&quot;,&quot;url&quot;:&quot;https:\/\/noticias.r7.com\/rio-de-janeiro\/r7-fala-comigo\/video\/diretor-geral-da-forca-municipal-detalha-atuacao-da-nova-tropa-armada-no-rio-06112025\/&quot;,&quot;embedUrl&quot;:&quot;https:\/\/noticias.r7.com\/player\/c92e117d-99c6-4a8a-80c8-928c36878ed7\/&quot;}]\" data-player-url=\"https:\/\/noticias.r7.com\/player\/7e92276b-23c1-444d-84ca-6489df01040d\/\" data-arc-video=\"\" data-arc-id=\"7e92276b-23c1-444d-84ca-6489df01040d\" data-short=\"false\" style=\"visibility:hidden\"><\/video><script async src=\"https:\/\/platform.twitter.com\/widgets.js\" charset=\"utf-8\"><\/script><\/p>\n","protected":false},"excerpt":{"rendered":"LEIA AQUI O RESUMO DA NOT\u00cdCIA O termo &#8220;parassocial&#8221; descreve a conex\u00e3o emocional com celebridades desconhecidas. A palavra&hellip;\n","protected":false},"author":2,"featured_media":159568,"comment_status":"","ping_status":"","sticky":false,"template":"","format":"standard","meta":{"footnotes":""},"categories":[141],"tags":[114,115,3034,149,150,32,33,1973],"class_list":{"0":"post-159567","1":"post","2":"type-post","3":"status-publish","4":"format-standard","5":"has-post-thumbnail","7":"category-musica","8":"tag-entertainment","9":"tag-entretenimento","10":"tag-famosos-e-celebridades","11":"tag-music","12":"tag-musica","13":"tag-portugal","14":"tag-pt","15":"tag-taylor-swift"},"share_on_mastodon":{"url":"https:\/\/pubeurope.com\/@pt\/115585580081738967","error":""},"_links":{"self":[{"href":"https:\/\/www.europesays.com\/pt\/wp-json\/wp\/v2\/posts\/159567","targetHints":{"allow":["GET"]}}],"collection":[{"href":"https:\/\/www.europesays.com\/pt\/wp-json\/wp\/v2\/posts"}],"about":[{"href":"https:\/\/www.europesays.com\/pt\/wp-json\/wp\/v2\/types\/post"}],"author":[{"embeddable":true,"href":"https:\/\/www.europesays.com\/pt\/wp-json\/wp\/v2\/users\/2"}],"replies":[{"embeddable":true,"href":"https:\/\/www.europesays.com\/pt\/wp-json\/wp\/v2\/comments?post=159567"}],"version-history":[{"count":0,"href":"https:\/\/www.europesays.com\/pt\/wp-json\/wp\/v2\/posts\/159567\/revisions"}],"wp:featuredmedia":[{"embeddable":true,"href":"https:\/\/www.europesays.com\/pt\/wp-json\/wp\/v2\/media\/159568"}],"wp:attachment":[{"href":"https:\/\/www.europesays.com\/pt\/wp-json\/wp\/v2\/media?parent=159567"}],"wp:term":[{"taxonomy":"category","embeddable":true,"href":"https:\/\/www.europesays.com\/pt\/wp-json\/wp\/v2\/categories?post=159567"},{"taxonomy":"post_tag","embeddable":true,"href":"https:\/\/www.europesays.com\/pt\/wp-json\/wp\/v2\/tags?post=159567"}],"curies":[{"name":"wp","href":"https:\/\/api.w.org\/{rel}","templated":true}]}}