{"id":159577,"date":"2025-11-21T03:44:16","date_gmt":"2025-11-21T03:44:16","guid":{"rendered":"https:\/\/www.europesays.com\/pt\/159577\/"},"modified":"2025-11-21T03:44:16","modified_gmt":"2025-11-21T03:44:16","slug":"beijos-quentes-e-uma-palmada-marota-pedro-e-marisa-trocam-caricias-a-descarada-secret-story","status":"publish","type":"post","link":"https:\/\/www.europesays.com\/pt\/159577\/","title":{"rendered":"Beijos quentes e uma palmada marota: Pedro e Marisa trocam car\u00edcias \u00e0 descarada &#8211; Secret Story"},"content":{"rendered":"<p>No Secret Story 9, Pedro e Marisa n\u00e3o conseguem mesmo resistir \u00e0 tenta\u00e7\u00e3o e trocam v\u00e1rios beijos \u00e0 escondidas, mas com a porta do quarto aberta, no dia em que t\u00eam a casa toda a desconfiar do segredo de ambos. Veja tudo.<\/p>\n<p><strong>Esta semana, h\u00e1 cinco concorrentes em risco de expuls\u00e3o j\u00e1 no pr\u00f3ximo domingo.<\/strong><\/p>\n<p>VOTE PARA SALVAR:<\/p>\n<p>ANA \u2013 761 20 20 01<br \/>F\u00c1BIO \u2013 761 20 20 08<br \/>IN\u00caS \u2013 761 20 20 10<br \/>LILIANA \u2013 761 20 20 14<br \/>MARISA SUSANA &#8211; 761 20 20 17<\/p>\n<p><a href=\"https:\/\/tvi.iol.pt\/secretstory\/aominuto\" wbo-id=\"32\" rel=\"nofollow noopener\" target=\"_blank\">Acompanhe ao minuto tudo o que se passa na casa mais vigiada do Pa\u00eds!<\/a><\/p>\n","protected":false},"excerpt":{"rendered":"No Secret Story 9, Pedro e Marisa n\u00e3o conseguem mesmo resistir \u00e0 tenta\u00e7\u00e3o e trocam v\u00e1rios beijos \u00e0&hellip;\n","protected":false},"author":2,"featured_media":159578,"comment_status":"","ping_status":"","sticky":false,"template":"","format":"standard","meta":{"footnotes":""},"categories":[142],"tags":[114,115,19184,18800,14646,32,33,151,162,18801],"class_list":{"0":"post-159577","1":"post","2":"type-post","3":"status-publish","4":"format-standard","5":"has-post-thumbnail","7":"category-tv","8":"tag-entertainment","9":"tag-entretenimento","10":"tag-marisa","11":"tag-momentos-virais-secret-story","12":"tag-pedro","13":"tag-portugal","14":"tag-pt","15":"tag-tv","16":"tag-tvi","17":"tag-videos-virais-concorrentes"},"share_on_mastodon":{"url":"https:\/\/pubeurope.com\/@pt\/115585631059987058","error":""},"_links":{"self":[{"href":"https:\/\/www.europesays.com\/pt\/wp-json\/wp\/v2\/posts\/159577","targetHints":{"allow":["GET"]}}],"collection":[{"href":"https:\/\/www.europesays.com\/pt\/wp-json\/wp\/v2\/posts"}],"about":[{"href":"https:\/\/www.europesays.com\/pt\/wp-json\/wp\/v2\/types\/post"}],"author":[{"embeddable":true,"href":"https:\/\/www.europesays.com\/pt\/wp-json\/wp\/v2\/users\/2"}],"replies":[{"embeddable":true,"href":"https:\/\/www.europesays.com\/pt\/wp-json\/wp\/v2\/comments?post=159577"}],"version-history":[{"count":0,"href":"https:\/\/www.europesays.com\/pt\/wp-json\/wp\/v2\/posts\/159577\/revisions"}],"wp:featuredmedia":[{"embeddable":true,"href":"https:\/\/www.europesays.com\/pt\/wp-json\/wp\/v2\/media\/159578"}],"wp:attachment":[{"href":"https:\/\/www.europesays.com\/pt\/wp-json\/wp\/v2\/media?parent=159577"}],"wp:term":[{"taxonomy":"category","embeddable":true,"href":"https:\/\/www.europesays.com\/pt\/wp-json\/wp\/v2\/categories?post=159577"},{"taxonomy":"post_tag","embeddable":true,"href":"https:\/\/www.europesays.com\/pt\/wp-json\/wp\/v2\/tags?post=159577"}],"curies":[{"name":"wp","href":"https:\/\/api.w.org\/{rel}","templated":true}]}}