{"id":159579,"date":"2025-11-21T03:46:45","date_gmt":"2025-11-21T03:46:45","guid":{"rendered":"https:\/\/www.europesays.com\/pt\/159579\/"},"modified":"2025-11-21T03:46:45","modified_gmt":"2025-11-21T03:46:45","slug":"bts-investigacao-e-inciada-contra-turista-que-tentou-invadir-a-casa-de-jungkook","status":"publish","type":"post","link":"https:\/\/www.europesays.com\/pt\/159579\/","title":{"rendered":"BTS: Investiga\u00e7\u00e3o \u00e9 inciada contra turista que tentou invadir a casa de Jungkook"},"content":{"rendered":"<p>Nesta quarta-feira, 19, a imprensa sul-coreana divulgou que uma mulher japonesa, na faixa dos 50 anos, est\u00e1 sendo investigada pelas autoridades do pa\u00eds por tentativa de invas\u00e3o de propriedade ap\u00f3s tentar entrar na resid\u00eancia do integrante do <a href=\"https:\/\/recreio.com.br\/tags\/k-pop\" target=\"_blank\" rel=\"noopener nofollow\">BTS<\/a>, <strong>Jungkook.<\/strong><\/p>\n<blockquote>\n<p>\u201cA Delegacia de Pol\u00edcia de Yongsan, em Seul, est\u00e1 investigando uma mulher de cerca de 50 anos, identificada como A , sob acusa\u00e7\u00e3o de tentativa de invas\u00e3o de propriedade.\u201d<\/p>\n<\/blockquote>\n<p>De acordo com a documenta\u00e7\u00e3o, a invasora \u00e9 acusada de tentar destravar a fechadura eletr\u00f4nica da casa do <a href=\"https:\/\/recreio.com.br\/noticias\/entretenimento\/qual-o-momento-favorito-da-turne-deadline-de-jisoo-idol-revela.phtml\" target=\"_blank\" rel=\"noopener nofollow\">idol<\/a> repetidamente, entre os dias 12 e 14 deste m\u00eas. O relat\u00f3rio ainda informa n\u00e3o saberem o paradeiro da suspeita, e que um interrogat\u00f3rio com o maknae do grupo ser\u00e1 realizado para apurar melhor as informa\u00e7\u00f5es e dar continuidade no caso.<\/p>\n<p>Vale lembrar que, desde a <a href=\"https:\/\/www.mofa.go.kr\/eng\/wpge\/m_5810\/contents.do\" target=\"_blank\" rel=\"noopener nofollow\">dispensa militar<\/a>, <strong>Jungkook<\/strong> v\u00eam sofrendo com persegui\u00e7\u00f5es de stalkers com uma frequ\u00eancia a cada dois meses.<\/p>\n<p> Relembre os casos <\/p>\n<p>O astro da ind\u00fastria do k-pop foi alvo de duas tentativas de invas\u00e3o domiciliar no m\u00eas de outubro, envolvendo duas mulheres em datas separadas, resultaram em desfechos legais distintos para cada caso. Um dos casos foi de uma mulher coreana na faixa dos 40 anos, que invadiu o estacionamento da casa de<strong><a href=\"https:\/\/www.instagram.com\/mnijungkook\/?hl=en\" target=\"_blank\" rel=\"noopener nofollow\"> Jungkook<\/a>,<\/strong> no bairro de Yongsan, em Seul, por volta das 23h20 (hor\u00e1rio coreano) do dia 30 de agosto. A pol\u00edcia foi acionada e a deteve no local.\u00a0<\/p>\n<p>Em um incidente separado, uma chinesa relata ter viajado para a Coreia do Sul especificamente para ver o cantor ap\u00f3s seu retorno do servi\u00e7o militar, assim visitando a casa do idol na noite de 11 de junho, exatamente no dia em que o artista foi dispensado de seu servi\u00e7o militar obrigat\u00f3rio. A mulher tentou digitar a senha da fechadura eletr\u00f4nica v\u00e1rias vezes antes de ser detida pela pol\u00edcia.\u00a0<\/p>\n<p>Outro caso recente aconteceu no s\u00e1bado, dia 08 de novembro, quando uma <a href=\"https:\/\/pt.wikipedia.org\/wiki\/F%C3%A3_sasaeng\" target=\"_blank\" rel=\"noopener nofollow\">sasaeng<\/a> (stalker), teria realizado uma transmiss\u00e3o ao vivo gritando em frente a casa do m\u00fasico.<\/p>\n<p>\t                                            <script async src=\"\/\/www.instagram.com\/embed.js\"><\/script><\/p>\n","protected":false},"excerpt":{"rendered":"Nesta quarta-feira, 19, a imprensa sul-coreana divulgou que uma mulher japonesa, na faixa dos 50 anos, est\u00e1 sendo&hellip;\n","protected":false},"author":2,"featured_media":159580,"comment_status":"","ping_status":"","sticky":false,"template":"","format":"standard","meta":{"footnotes":""},"categories":[141],"tags":[2344,114,115,12422,1688,149,150,32,33],"class_list":{"0":"post-159579","1":"post","2":"type-post","3":"status-publish","4":"format-standard","5":"has-post-thumbnail","7":"category-musica","8":"tag-bts","9":"tag-entertainment","10":"tag-entretenimento","11":"tag-jungkook","12":"tag-k-pop","13":"tag-music","14":"tag-musica","15":"tag-portugal","16":"tag-pt"},"share_on_mastodon":{"url":"https:\/\/pubeurope.com\/@pt\/115585638938917073","error":""},"_links":{"self":[{"href":"https:\/\/www.europesays.com\/pt\/wp-json\/wp\/v2\/posts\/159579","targetHints":{"allow":["GET"]}}],"collection":[{"href":"https:\/\/www.europesays.com\/pt\/wp-json\/wp\/v2\/posts"}],"about":[{"href":"https:\/\/www.europesays.com\/pt\/wp-json\/wp\/v2\/types\/post"}],"author":[{"embeddable":true,"href":"https:\/\/www.europesays.com\/pt\/wp-json\/wp\/v2\/users\/2"}],"replies":[{"embeddable":true,"href":"https:\/\/www.europesays.com\/pt\/wp-json\/wp\/v2\/comments?post=159579"}],"version-history":[{"count":0,"href":"https:\/\/www.europesays.com\/pt\/wp-json\/wp\/v2\/posts\/159579\/revisions"}],"wp:featuredmedia":[{"embeddable":true,"href":"https:\/\/www.europesays.com\/pt\/wp-json\/wp\/v2\/media\/159580"}],"wp:attachment":[{"href":"https:\/\/www.europesays.com\/pt\/wp-json\/wp\/v2\/media?parent=159579"}],"wp:term":[{"taxonomy":"category","embeddable":true,"href":"https:\/\/www.europesays.com\/pt\/wp-json\/wp\/v2\/categories?post=159579"},{"taxonomy":"post_tag","embeddable":true,"href":"https:\/\/www.europesays.com\/pt\/wp-json\/wp\/v2\/tags?post=159579"}],"curies":[{"name":"wp","href":"https:\/\/api.w.org\/{rel}","templated":true}]}}