{"id":159594,"date":"2025-11-21T04:13:15","date_gmt":"2025-11-21T04:13:15","guid":{"rendered":"https:\/\/www.europesays.com\/pt\/159594\/"},"modified":"2025-11-21T04:13:15","modified_gmt":"2025-11-21T04:13:15","slug":"filha-de-galvao-bueno-revela-qual-e-a-previsao-de-alta-hospitalar-do-pai","status":"publish","type":"post","link":"https:\/\/www.europesays.com\/pt\/159594\/","title":{"rendered":"Filha de Galv\u00e3o Bueno revela qual \u00e9 a previs\u00e3o de alta hospitalar do pai"},"content":{"rendered":"<p>O narrador esportivo <a href=\"https:\/\/caras.com.br\/tags\/galvao-bueno\" rel=\"nofollow noopener\" target=\"_blank\"><strong>Galv\u00e3o Bueno<\/strong><\/a> segue internado em um hospital de S\u00e3o Paulo, mas j\u00e1 tem previs\u00e3o de alta hospitalar. De acordo com o colunista Fl\u00e1vio Ricco, do Portal Leo Dias, a filha dele, <strong>Leticia Bueno<\/strong>, contou que o pai deve receber alta na sexta-feira, 21, e ir para casa.<\/p>\n<p>O comunicador j\u00e1 est\u00e1 recuperado da pneumonia e com os exames todos em dia.<\/p>\n<p>Vale lembrar que Galv\u00e3o Bueno foi internado no \u00faltimo final de semana com quadro de pneumonia e precisou ficar na UTI por causa da recupera\u00e7\u00e3o. Agora, ele j\u00e1 evoluiu positivamente e deve ir para casa em breve.<\/p>\n<p> Galv\u00e3o Bueno tranquiliza os f\u00e3s <\/p>\n<p>Na tarde de ter\u00e7a-feira, 18, o narrador esportivo <strong>Galv\u00e3o Bueno<\/strong> utilizou suas redes sociais para dar not\u00edcias aos seus seguidores sobre seu estado de sa\u00fade ap\u00f3s interna\u00e7\u00e3o.\u00a0O comunicador apareceu atrav\u00e9s de um v\u00eddeo animado em seu perfil oficial no Instagram.<\/p>\n<p>No registro, o apresentador estava de p\u00e9 e demonstrava anima\u00e7\u00e3o ao dar not\u00edcias aos f\u00e3s. Ele destacou que est\u00e1 melhor, mas continua internado no Hospital S\u00edrio Liban\u00eas, em S\u00e3o Paulo. Galv\u00e3o tamb\u00e9m aproveitou o momento para agradecer aos seus seguidores pelas mensagens carinhosas que recebeu.<\/p>\n<p>\u201cMeus amigos das redes sociais, milh\u00f5es de amigos das redes sociais, quero agradecer todas as mensagens, o carinho de voc\u00eas e a preocupa\u00e7\u00e3o com a minha sa\u00fade. Ainda estou no Hospital S\u00edrio Liban\u00eas em S\u00e3o Paulo, j\u00e1 para sair e voltar para o trabalho. Eu tive uma pneumonia viral, nada de muita gravidade, mas que tem que ser muito bem tratada. Mas segunda-feira j\u00e1 estarei firme no \u2018Galv\u00e3o e Amigos\u2019 ai na Band e aqui no dia-a-dia com voc\u00eas\u201d, disse ele nas redes sociais.<\/p>\n<blockquote class=\"instagram-media\" style=\"background: #FFF; border: 0; border-radius: 3px; box-shadow: 0 0 1px 0 rgba(0,0,0,0.5),0 1px 10px 0 rgba(0,0,0,0.15); margin: 1px; max-width: 540px; min-width: 326px; padding: 0; width: calc(100% - 2px);\" data-instgrm-captioned=\"\" data-instgrm-permalink=\"https:\/\/www.instagram.com\/reel\/DRNuWo7D7yG\/?utm_source=ig_embed&amp;utm_campaign=loading\" data-instgrm-version=\"14\"><\/blockquote>\n<p><strong>Leia tamb\u00e9m:<\/strong> <a href=\"https:\/\/caras.com.br\/atualidades\/galvao-bueno-exibe-foto-inedita-com-sua-filha-mais-velha-seja-feliz.phtml\" rel=\"nofollow noopener\" target=\"_blank\">Galv\u00e3o Bueno exibe foto in\u00e9dita com sua filha mais velha: \u2018Seja feliz\u2019<\/a><\/p>\n<p>        <a href=\"https:\/\/caras.com.br\/autor\/priscilla-comoti\" rel=\"nofollow noopener\" target=\"_blank\">&#13;<br \/>\n          <img loading=\"lazy\" alt=\"Priscilla Comoti\" src=\"https:\/\/www.europesays.com\/pt\/wp-content\/uploads\/2025\/11\/1763698395_789_e53883bdf02c542f6517b68879e8cb08b27a1d55c4dfd53577e47d3ab6331a06\"  class=\"avatar avatar-115 photo rounded-circle mr-3\" height=\"115\" width=\"115\" decoding=\"async\"\/>        <\/a><\/p>\n<p>Priscilla Comoti \u00e9 editora de conte\u00fado do site CARAS. Ela \u00e9 formada em jornalismo e em audiovisual, j\u00e1 passou pelos sites Contigo!, Minha Novela, TiTiTi, Mais Novela e Portal M\u00e1rcia Piovesan. Escreve sobre celebridades, not\u00edcias sobre a fam\u00edlia real brit\u00e2nica, TV, reality show e novelas.<\/p>\n<ul class=\"terms-list post_tag list-inline\">\n<li class=\"filha-de-galvao-bueno list-inline-item\">\n\t\t\t\t\t<a href=\"https:\/\/caras.com.br\/tags\/filha-de-galvao-bueno\" class=\"item-category\" rel=\"nofollow noopener\" target=\"_blank\">filha de galv\u00e3o bueno<\/a>\n\t\t\t\t<\/li>\n<li class=\"galvao-bueno list-inline-item\">\n\t\t\t\t\t<a href=\"https:\/\/caras.com.br\/tags\/galvao-bueno\" class=\"item-category\" rel=\"nofollow noopener\" target=\"_blank\">galvao bueno<\/a>\n\t\t\t\t<\/li>\n<\/ul>\n<p>\t                                            <script async src=\"\/\/www.instagram.com\/embed.js\"><\/script><\/p>\n","protected":false},"excerpt":{"rendered":"O narrador esportivo Galv\u00e3o Bueno segue internado em um hospital de S\u00e3o Paulo, mas j\u00e1 tem previs\u00e3o de&hellip;\n","protected":false},"author":2,"featured_media":159595,"comment_status":"","ping_status":"","sticky":false,"template":"","format":"standard","meta":{"footnotes":""},"categories":[145],"tags":[211,210,114,115,34021,8430,32,33],"class_list":{"0":"post-159594","1":"post","2":"type-post","3":"status-publish","4":"format-standard","5":"has-post-thumbnail","7":"category-celebridades","8":"tag-celebridades","9":"tag-celebrities","10":"tag-entertainment","11":"tag-entretenimento","12":"tag-filha-de-galvao-bueno","13":"tag-galvao-bueno","14":"tag-portugal","15":"tag-pt"},"share_on_mastodon":{"url":"https:\/\/pubeurope.com\/@pt\/115585745367833008","error":""},"_links":{"self":[{"href":"https:\/\/www.europesays.com\/pt\/wp-json\/wp\/v2\/posts\/159594","targetHints":{"allow":["GET"]}}],"collection":[{"href":"https:\/\/www.europesays.com\/pt\/wp-json\/wp\/v2\/posts"}],"about":[{"href":"https:\/\/www.europesays.com\/pt\/wp-json\/wp\/v2\/types\/post"}],"author":[{"embeddable":true,"href":"https:\/\/www.europesays.com\/pt\/wp-json\/wp\/v2\/users\/2"}],"replies":[{"embeddable":true,"href":"https:\/\/www.europesays.com\/pt\/wp-json\/wp\/v2\/comments?post=159594"}],"version-history":[{"count":0,"href":"https:\/\/www.europesays.com\/pt\/wp-json\/wp\/v2\/posts\/159594\/revisions"}],"wp:featuredmedia":[{"embeddable":true,"href":"https:\/\/www.europesays.com\/pt\/wp-json\/wp\/v2\/media\/159595"}],"wp:attachment":[{"href":"https:\/\/www.europesays.com\/pt\/wp-json\/wp\/v2\/media?parent=159594"}],"wp:term":[{"taxonomy":"category","embeddable":true,"href":"https:\/\/www.europesays.com\/pt\/wp-json\/wp\/v2\/categories?post=159594"},{"taxonomy":"post_tag","embeddable":true,"href":"https:\/\/www.europesays.com\/pt\/wp-json\/wp\/v2\/tags?post=159594"}],"curies":[{"name":"wp","href":"https:\/\/api.w.org\/{rel}","templated":true}]}}