{"id":15961,"date":"2025-08-04T18:16:12","date_gmt":"2025-08-04T18:16:12","guid":{"rendered":"https:\/\/www.europesays.com\/pt\/15961\/"},"modified":"2025-08-04T18:16:12","modified_gmt":"2025-08-04T18:16:12","slug":"mulher-detida-apos-menina-encontrada-em-mala-na-nova-zelandia","status":"publish","type":"post","link":"https:\/\/www.europesays.com\/pt\/15961\/","title":{"rendered":"Mulher Detida Ap\u00f3s Menina Encontrada em Mala na Nova Zel\u00e2ndia"},"content":{"rendered":"<p>Uma mulher neozelandesa foi detida no domingo, acusada de neglig\u00eancia infantil, depois de um motorista de um autocarro ter encontrado uma menina de dois anos viva dentro de uma mala guardada na bagageira da viatura, informaram as autoridades locais.<\/p>\n<p>O condutor reparou em algo a mover-se dentro de uma mala durante uma paragem em Kaiwaka, a norte de Auckland, quando um passageiro solicitou acesso \u00e0 bagageira. <\/p>\n<p>Quando abriu a mala, o motorista encontrou a menina de dois anos, que estava muito quente, mas aparentemente ilesa.<\/p>\n<p>As autoridades n\u00e3o especificaram quanto tempo a menina esteve dentro da bagageira do autocarro nem o percurso que a viatura estava a fazer.<\/p>\n<p>A crian\u00e7a foi transportada para um hospital, onde permaneceu na noite de domingo. <\/p>\n<p>Entretanto, uma mulher foi detida sob a acusa\u00e7\u00e3o de abuso ou neglig\u00eancia infantil e dever\u00e1 comparecer esta segunda-feira em tribunal. As autoridades policiais da Nova Zel\u00e2ndia n\u00e3o divulgaram, por\u00e9m, a identidade da mulher nem o eventual grau de parentesco com a menina.<\/p>\n<p>A empresa de autocarros InterCity confirmou \u00e0 imprensa local que o incidente ocorreu num dos seus ve\u00edculos. A empresa, curiosamente, n\u00e3o cobra bilhetes a crian\u00e7a com menos de tr\u00eas anos, que podem viajar gratuitamente ao colo de um adulto. <\/p>\n","protected":false},"excerpt":{"rendered":"Uma mulher neozelandesa foi detida no domingo, acusada de neglig\u00eancia infantil, depois de um motorista de um autocarro&hellip;\n","protected":false},"author":2,"featured_media":15962,"comment_status":"","ping_status":"","sticky":false,"template":"","format":"standard","meta":{"footnotes":""},"categories":[50],"tags":[27,28,15,16,14,25,26,21,22,62,12,13,19,20,3847,23,24,17,18,29,30,31,63,64,65],"class_list":{"0":"post-15961","1":"post","2":"type-post","3":"status-publish","4":"format-standard","5":"has-post-thumbnail","7":"category-mundo","8":"tag-breaking-news","9":"tag-breakingnews","10":"tag-featured-news","11":"tag-featurednews","12":"tag-headlines","13":"tag-latest-news","14":"tag-latestnews","15":"tag-main-news","16":"tag-mainnews","17":"tag-mundo","18":"tag-news","19":"tag-noticias","20":"tag-noticias-principais","21":"tag-noticiasprincipais","22":"tag-nova-zelandia","23":"tag-principais-noticias","24":"tag-principaisnoticias","25":"tag-top-stories","26":"tag-topstories","27":"tag-ultimas","28":"tag-ultimas-noticias","29":"tag-ultimasnoticias","30":"tag-world","31":"tag-world-news","32":"tag-worldnews"},"share_on_mastodon":{"url":"","error":""},"_links":{"self":[{"href":"https:\/\/www.europesays.com\/pt\/wp-json\/wp\/v2\/posts\/15961","targetHints":{"allow":["GET"]}}],"collection":[{"href":"https:\/\/www.europesays.com\/pt\/wp-json\/wp\/v2\/posts"}],"about":[{"href":"https:\/\/www.europesays.com\/pt\/wp-json\/wp\/v2\/types\/post"}],"author":[{"embeddable":true,"href":"https:\/\/www.europesays.com\/pt\/wp-json\/wp\/v2\/users\/2"}],"replies":[{"embeddable":true,"href":"https:\/\/www.europesays.com\/pt\/wp-json\/wp\/v2\/comments?post=15961"}],"version-history":[{"count":0,"href":"https:\/\/www.europesays.com\/pt\/wp-json\/wp\/v2\/posts\/15961\/revisions"}],"wp:featuredmedia":[{"embeddable":true,"href":"https:\/\/www.europesays.com\/pt\/wp-json\/wp\/v2\/media\/15962"}],"wp:attachment":[{"href":"https:\/\/www.europesays.com\/pt\/wp-json\/wp\/v2\/media?parent=15961"}],"wp:term":[{"taxonomy":"category","embeddable":true,"href":"https:\/\/www.europesays.com\/pt\/wp-json\/wp\/v2\/categories?post=15961"},{"taxonomy":"post_tag","embeddable":true,"href":"https:\/\/www.europesays.com\/pt\/wp-json\/wp\/v2\/tags?post=15961"}],"curies":[{"name":"wp","href":"https:\/\/api.w.org\/{rel}","templated":true}]}}