{"id":159612,"date":"2025-11-21T04:42:09","date_gmt":"2025-11-21T04:42:09","guid":{"rendered":"https:\/\/www.europesays.com\/pt\/159612\/"},"modified":"2025-11-21T04:42:09","modified_gmt":"2025-11-21T04:42:09","slug":"baba-brasileira-relata-exigencias-rigidas-de-familia-kardashian","status":"publish","type":"post","link":"https:\/\/www.europesays.com\/pt\/159612\/","title":{"rendered":"Bab\u00e1 brasileira relata exig\u00eancias r\u00edgidas de fam\u00edlia Kardashian"},"content":{"rendered":"<p><img decoding=\"async\" fetchpriority=\"high\" src=\"https:\/\/www.europesays.com\/pt\/wp-content\/uploads\/2025\/11\/2kws15ok1qydarpf2iqqij7x1.jpg\" width=\"906\" height=\"509\" alt=\"Bab\u00e1 brasileira relata exig\u00eancias r\u00edgidas de fam\u00edlia Kardashian\" title=\"Bab\u00e1 brasileira relata exig\u00eancias r\u00edgidas de fam\u00edlia Kardashian\"\/>Instagram<\/p>\n<p>Bab\u00e1 brasileira relata exig\u00eancias r\u00edgidas de fam\u00edlia Kardashian<\/p>\n<p>A brasileira <strong>Maria Helena Heames<\/strong>, de 43 anos, que ficou conhecida por <strong>trabalhar como bab\u00e1 dos filhos de <a href=\"https:\/\/gente.ig.com.br\/celebridades\/2024-03-08\/kourtney-kardashian-se-considera--autossexual---saiba-mais.html\" data-mce-href=\"https:\/\/gente.ig.com.br\/celebridades\/2024-03-08\/kourtney-kardashian-se-considera--autossexual---saiba-mais.html\" data-mce- rel=\"nofollow noopener\" target=\"_blank\">Kourtney Kardashian<\/a> <\/strong>, voltou a ganhar destaque nesta quinta-feira (20) ao revelar o que <strong>fam\u00edlias milion\u00e1rias exigem no dia a dia<\/strong>. O conte\u00fado, publicado nas redes sociais, detalha pontos que definem o estilo de trabalho em casas de alto padr\u00e3o.<\/p>\n<p>Em v\u00eddeos anteriores, Maria Helena j\u00e1 havia chamado aten\u00e7\u00e3o ao contar que <strong>cobrava cerca de R$ 1 milh\u00e3o para assumir a fun\u00e7\u00e3o<\/strong>. Agora, ela ampliou as revela\u00e7\u00f5es sobre pr\u00e1ticas comuns entre fam\u00edlias com <strong>agendas cheias<\/strong>, <strong>alto patrim\u00f4nio<\/strong> e <strong>forte exposi\u00e7\u00e3o p\u00fablica<\/strong>.<\/p>\n<p>No in\u00edcio do relato, a baiana explica que tr\u00eas elementos se repetem em todas as fam\u00edlias milion\u00e1rias com as quais trabalhou. \u201cEu acho que tr\u00eas coisas que eu vou falar t\u00eam um denominador em comum entre todas as fam\u00edlias. Primeiro \u00e9 flexibilidade. Em geral, essas pessoas t\u00eam uma agenda muito ocupada e elas querem a bab\u00e1 para solucionar um problema, que \u00e9 o cuidado da crian\u00e7a. Elas n\u00e3o querem ficar pensando: \u2018Ai, a bab\u00e1 n\u00e3o veio hoje, tem que ter f\u00e9rias\u2019. Em geral, essas fam\u00edlias t\u00eam mais de uma bab\u00e1, justamente por causa da flexibilidade\u201d, explicou.<\/p>\n<p class=\"\">Maria Helena tamb\u00e9m afirmou que discri\u00e7\u00e3o \u00e9 indispens\u00e1vel para quem trabalha nesse ambiente. \u201cVoc\u00ea tem que saber como caminhar naquela casa, aparecer nas horas que eu preciso, sumir igual um fantasma e ficar ali, \u00f3, s\u00f3 prestando aten\u00e7\u00e3o nos movimentos para reaparecer quando for necess\u00e1rio. Isso \u00e9 uma coisa superimportante\u201d, afirmou.<\/p>\n<p>A ex-bab\u00e1 ainda ressaltou que a proatividade define o desempenho no cargo. \u201cA terceira coisa \u00e9 proatividade, principalmente porque voc\u00ea est\u00e1 ali para resolver um problema. Ent\u00e3o, aquela fam\u00edlia provavelmente n\u00e3o quer ficar pensando: \u2018Agora eu tenho que empacotar para a viagem tal\u2019 ou \u2018Esqueci de comprar o biscoito favorito dessa crian\u00e7a\u2019. Voc\u00ea tem que ser proativo, voc\u00ea tem que entender essas necessidades da fam\u00edlia\u201d, disse.<\/p>\n<p>Em seguida, ela exemplificou situa\u00e7\u00f5es comuns em casas de celebridades. \u201cSei l\u00e1, eu vou passar o dia na Disney hoje e a\u00ed eu estou trabalhando com a fam\u00edlia que \u00e9 celebridade. OK, meu dia na Disney. Eu comprei o ticket VIP? Eu tenho algum contato l\u00e1? Eu j\u00e1 coordenei com o pessoal da seguran\u00e7a? Quem \u00e9 que vai dirigir a gente pra Disney? Que horas a gente vai? Que horas a gente volta? Algum outro amiguinho est\u00e1 indo junto? Tudo isso faz parte da proatividade, porque voc\u00ea est\u00e1 programando o dia da crian\u00e7a\u201d, detalhou.<\/p>\n","protected":false},"excerpt":{"rendered":"Instagram Bab\u00e1 brasileira relata exig\u00eancias r\u00edgidas de fam\u00edlia Kardashian A brasileira Maria Helena Heames, de 43 anos, que&hellip;\n","protected":false},"author":2,"featured_media":159613,"comment_status":"","ping_status":"","sticky":false,"template":"","format":"standard","meta":{"footnotes":""},"categories":[145],"tags":[34025,12787,211,210,114,115,31015,32,33],"class_list":{"0":"post-159612","1":"post","2":"type-post","3":"status-publish","4":"format-standard","5":"has-post-thumbnail","7":"category-celebridades","8":"tag-abriu-o-jogo","9":"tag-baba","10":"tag-celebridades","11":"tag-celebrities","12":"tag-entertainment","13":"tag-entretenimento","14":"tag-kourtney-kardashian","15":"tag-portugal","16":"tag-pt"},"share_on_mastodon":{"url":"https:\/\/pubeurope.com\/@pt\/115585859334538035","error":""},"_links":{"self":[{"href":"https:\/\/www.europesays.com\/pt\/wp-json\/wp\/v2\/posts\/159612","targetHints":{"allow":["GET"]}}],"collection":[{"href":"https:\/\/www.europesays.com\/pt\/wp-json\/wp\/v2\/posts"}],"about":[{"href":"https:\/\/www.europesays.com\/pt\/wp-json\/wp\/v2\/types\/post"}],"author":[{"embeddable":true,"href":"https:\/\/www.europesays.com\/pt\/wp-json\/wp\/v2\/users\/2"}],"replies":[{"embeddable":true,"href":"https:\/\/www.europesays.com\/pt\/wp-json\/wp\/v2\/comments?post=159612"}],"version-history":[{"count":0,"href":"https:\/\/www.europesays.com\/pt\/wp-json\/wp\/v2\/posts\/159612\/revisions"}],"wp:featuredmedia":[{"embeddable":true,"href":"https:\/\/www.europesays.com\/pt\/wp-json\/wp\/v2\/media\/159613"}],"wp:attachment":[{"href":"https:\/\/www.europesays.com\/pt\/wp-json\/wp\/v2\/media?parent=159612"}],"wp:term":[{"taxonomy":"category","embeddable":true,"href":"https:\/\/www.europesays.com\/pt\/wp-json\/wp\/v2\/categories?post=159612"},{"taxonomy":"post_tag","embeddable":true,"href":"https:\/\/www.europesays.com\/pt\/wp-json\/wp\/v2\/tags?post=159612"}],"curies":[{"name":"wp","href":"https:\/\/api.w.org\/{rel}","templated":true}]}}