{"id":159628,"date":"2025-11-21T05:29:10","date_gmt":"2025-11-21T05:29:10","guid":{"rendered":"https:\/\/www.europesays.com\/pt\/159628\/"},"modified":"2025-11-21T05:29:10","modified_gmt":"2025-11-21T05:29:10","slug":"cynthia-erivo-comenta-sobre-ter-protegido-ariana-grande-durante-ataque-em-evento-instinto","status":"publish","type":"post","link":"https:\/\/www.europesays.com\/pt\/159628\/","title":{"rendered":"Cynthia Erivo comenta sobre ter protegido Ariana Grande durante ataque em evento: Instinto"},"content":{"rendered":"<p>Nesta quinta-feira, dia 20, acontece a estreia oficial de Wicked: For Good, a segunda parte do filme Wicked, lan\u00e7ado em 2024. Por\u00e9m, o filme baseado no famoso musical da Broadway j\u00e1 foi bastante comentado antes mesmo de sua estreia.<\/p>\n<p>Durante a premi\u00e8re do longa em Singapura, as protagonistas <a href=\"https:\/\/www.estrelando.com.br\/foto\/2025\/10\/27\/veja-atrizes-que-ja-interpretaram-a-glinda-e-a-elphaba-em-wicked-301726\" rel=\"nofollow noopener\" target=\"_blank\">Cynthia Erivo e Ariana Grande<\/a> caminhavam pelo tapete vermelho quando um homem conseguiu driblar a barreira de prote\u00e7\u00e3o e correu em dire\u00e7\u00e3o \u00e0 int\u00e9rprete de Glinda.<\/p>\n<p>Rapidamente, Cynthia, que interpreta Elphaba, <a href=\"https:\/\/www.estrelando.com.br\/nota\/2025\/11\/17\/homem-que-agarrou-ariana-grande-em-premiere-de-wicked-e-condenado-a-nove-dias-de-prisao-317734\" rel=\"nofollow noopener\" target=\"_blank\">se juntou aos seguran\u00e7as<\/a> para tentar conter o homem. Durante sua participa\u00e7\u00e3o no programa Today,\u00a0 a atriz relembrou o ocorrido.<\/p>\n<p>&#8211; Eu realmente estava pensando que s\u00f3 queria ter certeza de que minha amiga estava segura. Tenho certeza de que ele n\u00e3o tinha a inten\u00e7\u00e3o de nos machucar, mas nunca se sabe com essas coisas, e eu queria ter certeza de que <a href=\"https:\/\/www.estrelando.com.br\/nota\/2025\/11\/16\/cynthia-erivo-revela-que-estava-doente-durante-audicao-para-wicked-fiquei-de-cama-317668\" rel=\"nofollow noopener\" target=\"_blank\">ela estava bem.<\/a> Esse foi meu primeiro instinto.<\/p>\n<p>O homem, identificado como\u00a0Johnson Wen foi condenado a nove dias de pris\u00e3o, mas j\u00e1 est\u00e1 solto.<\/p>\n","protected":false},"excerpt":{"rendered":"Nesta quinta-feira, dia 20, acontece a estreia oficial de Wicked: For Good, a segunda parte do filme Wicked,&hellip;\n","protected":false},"author":2,"featured_media":159629,"comment_status":"","ping_status":"","sticky":false,"template":"","format":"standard","meta":{"footnotes":""},"categories":[141],"tags":[211,1902,114,115,1899,980,1905,1650,149,150,13,1898,32,33,1904,1903,1900,1906,941,1901],"class_list":{"0":"post-159628","1":"post","2":"type-post","3":"status-publish","4":"format-standard","5":"has-post-thumbnail","7":"category-musica","8":"tag-celebridades","9":"tag-enquetes","10":"tag-entertainment","11":"tag-entretenimento","12":"tag-estilo","13":"tag-famosos","14":"tag-foruns","15":"tag-fotos","16":"tag-music","17":"tag-musica","18":"tag-noticias","19":"tag-perfis","20":"tag-portugal","21":"tag-pt","22":"tag-quizes","23":"tag-rakings","24":"tag-realities","25":"tag-red-carpet","26":"tag-series","27":"tag-teens"},"share_on_mastodon":{"url":"https:\/\/pubeurope.com\/@pt\/115586043946777071","error":""},"_links":{"self":[{"href":"https:\/\/www.europesays.com\/pt\/wp-json\/wp\/v2\/posts\/159628","targetHints":{"allow":["GET"]}}],"collection":[{"href":"https:\/\/www.europesays.com\/pt\/wp-json\/wp\/v2\/posts"}],"about":[{"href":"https:\/\/www.europesays.com\/pt\/wp-json\/wp\/v2\/types\/post"}],"author":[{"embeddable":true,"href":"https:\/\/www.europesays.com\/pt\/wp-json\/wp\/v2\/users\/2"}],"replies":[{"embeddable":true,"href":"https:\/\/www.europesays.com\/pt\/wp-json\/wp\/v2\/comments?post=159628"}],"version-history":[{"count":0,"href":"https:\/\/www.europesays.com\/pt\/wp-json\/wp\/v2\/posts\/159628\/revisions"}],"wp:featuredmedia":[{"embeddable":true,"href":"https:\/\/www.europesays.com\/pt\/wp-json\/wp\/v2\/media\/159629"}],"wp:attachment":[{"href":"https:\/\/www.europesays.com\/pt\/wp-json\/wp\/v2\/media?parent=159628"}],"wp:term":[{"taxonomy":"category","embeddable":true,"href":"https:\/\/www.europesays.com\/pt\/wp-json\/wp\/v2\/categories?post=159628"},{"taxonomy":"post_tag","embeddable":true,"href":"https:\/\/www.europesays.com\/pt\/wp-json\/wp\/v2\/tags?post=159628"}],"curies":[{"name":"wp","href":"https:\/\/api.w.org\/{rel}","templated":true}]}}