{"id":159630,"date":"2025-11-21T05:32:11","date_gmt":"2025-11-21T05:32:11","guid":{"rendered":"https:\/\/www.europesays.com\/pt\/159630\/"},"modified":"2025-11-21T05:32:11","modified_gmt":"2025-11-21T05:32:11","slug":"pelagem-do-pet-revela-deficiencias-nutricionais-e-ate-doencas-r7-entretenimento","status":"publish","type":"post","link":"https:\/\/www.europesays.com\/pt\/159630\/","title":{"rendered":"Pelagem do pet revela defici\u00eancias nutricionais e at\u00e9 doen\u00e7as \u2013 R7 Entretenimento"},"content":{"rendered":"<p class=\"jarvics:base-text-neutral-high-400 base-text-[calc(theme(fontSize.xs)_*_var(--font-size,_1))] base-font-normal base-font-primary base-text-neutral-low-500 base-text-left\">O humanos est\u00e3o acostumados a perder uma certa quantidade de cabelo diariamente, e principalmente as mulheres notam quando esse n\u00famero aumenta ou a textura dos fios muda. \u00c9 o organismo sinalizando que algo precisa melhorar. No caso dos pets n\u00e3o \u00e9 diferente. Se a higiene estiver em dia com uso de shampoos apropriados e escova\u00e7\u00e3o frequente &#8211; isso vale para humanos e animais &#8211; e ainda assim, as estruturas estiverem prejudicadas, o problema pode ser a alimenta\u00e7\u00e3o. Quando a dieta n\u00e3o \u00e9 completa e balanceada, o organismo prioriza fun\u00e7\u00f5es vitais e deixa pele e pelagem em segundo plano.<\/p>\n<p class=\"jarvics:base-text-neutral-high-400 base-text-[calc(theme(fontSize.xs)_*_var(--font-size,_1))] base-font-normal base-font-primary base-text-neutral-low-500 base-text-left\">A m\u00e9dica-veterin\u00e1ria Mayara Andrade, de Biofresh, marca Super Premium Natural da MBRF Pet, explica que a pele \u00e9 uma das maiores barreiras de prote\u00e7\u00e3o e a pelagem uma importante barreira t\u00e9rmica do organismo do pet. Pele saud\u00e1vel e pelagem bonita n\u00e3o s\u00e3o apenas quest\u00f5es est\u00e9ticas e sim s\u00e3o indicativos importantes do bem-estar geral de c\u00e3es e gatos: \u201cQuando o organismo n\u00e3o recebe todos os nutrientes de que precisa, um dos primeiros sinais que pode aparecer \u00e9 na integridade da pele ou pelos, j\u00e1 que o organismo vai priorizar a nutri\u00e7\u00e3o de \u00f3rg\u00e3os vitais como c\u00e9rebro, cora\u00e7\u00e3o, rins, intestinos e etc&#8230;\u201d. <\/p>\n<p class=\"jarvics:base-text-neutral-high-400 base-text-[calc(theme(fontSize.xs)_*_var(--font-size,_1))] base-font-normal base-font-primary base-text-neutral-low-500 base-text-left\">J\u00e1 havia pensado que a alimenta\u00e7\u00e3o influencia diretamente nestes aspectos? Optar por refei\u00e7\u00f5es balanceadas, independentemente de ser ra\u00e7\u00e3o ou alimenta\u00e7\u00e3o natural \u00e9 essencial para a sa\u00fade dermatol\u00f3gica do animal.<\/p>\n<p class=\"jarvics:base-text-neutral-high-400 base-text-[calc(theme(fontSize.xs)_*_var(--font-size,_1))] base-font-normal base-font-primary base-text-neutral-low-500 base-text-left\"><b>Como escolher os alimentos para seu pet?<\/b><\/p>\n<p class=\"jarvics:base-text-neutral-high-400 base-text-[calc(theme(fontSize.xs)_*_var(--font-size,_1))] base-font-normal base-font-primary base-text-neutral-low-500 base-text-left\">A m\u00e9dica veterin\u00e1ria recomenda observar a composi\u00e7\u00e3o da f\u00f3rmula. \u00c9 imprescind\u00edvel a presen\u00e7a de prote\u00ednas de alta qualidade com perfil de amino\u00e1cidos essenciais completo e vitaminas e minerais em quantidades adequadas para a sa\u00fade geral e da pele e pelagem. \u201cEntre os mais importantes est\u00e3o os \u00e1cidos graxos essenciais (como os \u00f4megas 3 e 6), que ajudam a manter a pele hidratada e a pelagem brilhante, al\u00e9m de vitaminas A,\u202fE\u202fe\u202fbiotina. Minerais como sel\u00eanio, zinco e cobre tamb\u00e9m atuam como antioxidantes e s\u00e3o importantes pois contribuem diretamente para a integridade da pele. J\u00e1 as prote\u00ednas de alta qualidade s\u00e3o fundamentais, pois os pelos s\u00e3o compostos por cerca de 95% de prote\u00edna. Al\u00e9m disso, alguns amino\u00e1cidos como a fenilalanina e tirosina, est\u00e3o correlacionados com a express\u00e3o da melanina, estando envolvidos na colora\u00e7\u00e3o dos pelos\u201d, explica Mayara. <\/p>\n<p class=\"jarvics:base-text-neutral-high-400 base-text-[calc(theme(fontSize.xs)_*_var(--font-size,_1))] base-font-normal base-font-primary base-text-neutral-low-500 base-text-left\">Agora que voc\u00ea j\u00e1 sabe os pontos inegoci\u00e1veis na hora de escolher a alimenta\u00e7\u00e3o do seu amigo patudo, pense que mais que um pelo bonito, o que deve sempre ser levado a s\u00e9rio \u00e9 a sa\u00fade do animal como um todo. Alimenta\u00e7\u00e3o, atividade f\u00edsica e carteirinha de vacina\u00e7\u00e3o em dia proporcionam qualidade de vida e longevidade para seu pet.<\/p>\n<p class=\"jarvics:base-text-neutral-high-400 base-text-[calc(theme(fontSize.xs)_*_var(--font-size,_1))] base-font-normal base-font-primary base-text-neutral-low-500 base-text-left\">Por aqui, ningu\u00e9m solta a pata de ningu\u00e9m!<\/p>\n<p class=\"jarvics:base-text-neutral-high-400 base-text-[calc(theme(fontSize.xs)_*_var(--font-size,_1))] base-font-normal base-font-primary base-text-neutral-low-500 base-text-left\">\u2705<b>Para saber tudo do mundo dos famosos,<\/b><a href=\"https:\/\/whatsapp.com\/channel\/0029Va9UfKcHQbRyCyhPt71R\" rel=\"nofollow noopener\" target=\"_blank\"><b> siga o canal de entretenimento do R7<\/b><\/a><b>, o portal de not\u00edcias da Record, no WhatsApp<\/b><\/p>\n<p>Os textos aqui publicados <strong>n\u00e3o refletem<\/strong> necessariamente a opini\u00e3o do<strong> Grupo Record<\/strong>.<\/p>\n","protected":false},"excerpt":{"rendered":"O humanos est\u00e3o acostumados a perder uma certa quantidade de cabelo diariamente, e principalmente as mulheres notam quando&hellip;\n","protected":false},"author":2,"featured_media":159631,"comment_status":"","ping_status":"","sticky":false,"template":"","format":"standard","meta":{"footnotes":""},"categories":[86],"tags":[1353,116,8225,32,33,117],"class_list":{"0":"post-159630","1":"post","2":"type-post","3":"status-publish","4":"format-standard","5":"has-post-thumbnail","7":"category-saude","8":"tag-animais","9":"tag-health","10":"tag-pets","11":"tag-portugal","12":"tag-pt","13":"tag-saude"},"share_on_mastodon":{"url":"https:\/\/pubeurope.com\/@pt\/115586055711456255","error":""},"_links":{"self":[{"href":"https:\/\/www.europesays.com\/pt\/wp-json\/wp\/v2\/posts\/159630","targetHints":{"allow":["GET"]}}],"collection":[{"href":"https:\/\/www.europesays.com\/pt\/wp-json\/wp\/v2\/posts"}],"about":[{"href":"https:\/\/www.europesays.com\/pt\/wp-json\/wp\/v2\/types\/post"}],"author":[{"embeddable":true,"href":"https:\/\/www.europesays.com\/pt\/wp-json\/wp\/v2\/users\/2"}],"replies":[{"embeddable":true,"href":"https:\/\/www.europesays.com\/pt\/wp-json\/wp\/v2\/comments?post=159630"}],"version-history":[{"count":0,"href":"https:\/\/www.europesays.com\/pt\/wp-json\/wp\/v2\/posts\/159630\/revisions"}],"wp:featuredmedia":[{"embeddable":true,"href":"https:\/\/www.europesays.com\/pt\/wp-json\/wp\/v2\/media\/159631"}],"wp:attachment":[{"href":"https:\/\/www.europesays.com\/pt\/wp-json\/wp\/v2\/media?parent=159630"}],"wp:term":[{"taxonomy":"category","embeddable":true,"href":"https:\/\/www.europesays.com\/pt\/wp-json\/wp\/v2\/categories?post=159630"},{"taxonomy":"post_tag","embeddable":true,"href":"https:\/\/www.europesays.com\/pt\/wp-json\/wp\/v2\/tags?post=159630"}],"curies":[{"name":"wp","href":"https:\/\/api.w.org\/{rel}","templated":true}]}}