{"id":159632,"date":"2025-11-21T05:35:17","date_gmt":"2025-11-21T05:35:17","guid":{"rendered":"https:\/\/www.europesays.com\/pt\/159632\/"},"modified":"2025-11-21T05:35:17","modified_gmt":"2025-11-21T05:35:17","slug":"eis-o-novo-diretor-de-marketing-e-vendas-da-casa-peixoto","status":"publish","type":"post","link":"https:\/\/www.europesays.com\/pt\/159632\/","title":{"rendered":"Eis o novo diretor de marketing e vendas da Casa Peixoto"},"content":{"rendered":"<p>A Casa Peixoto, empresa de com\u00e9rcio de materiais de constru\u00e7\u00e3o fundada e sediada em Viana do Castelo, anunciou a nomea\u00e7\u00e3o de Bruno Rio como diretor de Marketing e Vendas B2C.<\/p>\n<p>&#13;<br \/>\n&#13;<br \/>\n&#13;<\/p>\n<p>Em comunicado, a empresa vianense adianta que, \u201ccom um percurso consolidado em marketing, gest\u00e3o e transforma\u00e7\u00e3o comercial, Bruno Rio traz \u00e0 Casa Peixoto uma experi\u00eancia multidisciplinar em lideran\u00e7a de equipas, estrat\u00e9gia omnicanal e constru\u00e7\u00e3o de marcas fortes num contexto retalhista altamente competitivo\u201d. <\/p>\n<p>\u201cA sua vis\u00e3o orientada ao cliente e foco em crescimento sustent\u00e1vel ser\u00e3o determinantes para refor\u00e7ar o posicionamento da Casa Peixoto como um dos operadores de refer\u00eancia a n\u00edvel nacional\u201d, pode ler-se no comunicado. <\/p>\n<p>Na nova fun\u00e7\u00e3o, Bruno Rio ir\u00e1 liderar as equipas de Marketing e Vendas B2C, com responsabilidade sobre a acelera\u00e7\u00e3o da orienta\u00e7\u00e3o ao cliente e ao mercado; a simplifica\u00e7\u00e3o de processos e maior integra\u00e7\u00e3o interdepartamental; o refor\u00e7o da proposta de valor e da rentabilidade; o desenvolvimento das suas marcas pr\u00f3prias e exclusivas; a evolu\u00e7\u00e3o da experi\u00eancia de cliente omnicanal; e a cria\u00e7\u00e3o de uma abordagem renovada de Employer Branding, essencial para atrair e reter talento nesta fase de expans\u00e3o da empresa.<\/p>\n<p>Antes de integrar a Casa Peixoto, Bruno Rio desempenhou fun\u00e7\u00f5es de dire\u00e7\u00e3o e gest\u00e3o na Sonae ao longo de 10 anos, liderando equipas de Product &amp; Trade Marketing no Continente, e participando e coordenando projetos estrat\u00e9gicos nas \u00e1reas Alimentar, Bazar, Continente Online e Cart\u00e3o Continente.<\/p>\n<p>Anteriormente, acumulou oito anos no Super Bock Group, onde evoluiu de Marketing Research Manager a Senior Brand Manager. <\/p>\n<p>A sua carreira come\u00e7ou em 2007, na Associa\u00e7\u00e3o Empresarial de Portugal (atual CIP), como analista macroecon\u00f3mico.<\/p>\n<p>Tamb\u00e9m foi cofundador da 2Venture, boutique de consultoria especializada na acelera\u00e7\u00e3o de startups e desenvolvimento de PMEs.<\/p>\n<p>\u201cEstou totalmente comprometido em refor\u00e7ar a cultura de orienta\u00e7\u00e3o ao cliente e compromisso com o mercado, promovendo internamente um esp\u00edrito de colabora\u00e7\u00e3o incondicional, autonomia e de lideran\u00e7a partilhada. Acredito que equipas capacitadas, motivadas e alinhadas s\u00e3o a base para a evolu\u00e7\u00e3o das organiza\u00e7\u00f5es. Tenho experi\u00eancia em ambientes altamente desafiante e, estou muito confiante de que posso contribuir para elevar a Casa Peixoto a um novo patamar de notoriedade, efici\u00eancia e crescimento\u201d, afirma Bruno Rio, citado no comunicado. <\/p>\n<p>\u201cA Casa Peixoto d\u00e1 as boas-vindas ao Bruno Rio, cuja experi\u00eancia, vis\u00e3o e energia representam um passo importante na evolu\u00e7\u00e3o da empresa. Acreditamos que o seu contributo ser\u00e1 determinante para acelerarmos a inova\u00e7\u00e3o, refor\u00e7armos a proximidade ao cliente e consolidarmos uma trajet\u00f3ria de crescimento sustent\u00e1vel, sem perdermos a identidade, evoluindo a proposta de valor pela qual j\u00e1 somos reconhecidos e valorizados\u201d, refere Luciano Peixoto, administrador da Casa Peixoto, igualmente citado no comunicado.<\/p>\n<p>Licenciado em Economia pela Faculdade de Economia do Porto, Bruno Rio possui uma p\u00f3s-gradua\u00e7\u00e3o em Marketing Management pela Porto Business School e o Mini MBA em Marketing de Mark Ritson, bem como forma\u00e7\u00f5es executivas em Estrat\u00e9gia de Marketing Integrado, Customer Experience, Design Thinking e Complex Problem Solving, em institui\u00e7\u00f5es de renome tais como ESADE, IMD Business School e Nova SBE.<\/p>\n","protected":false},"excerpt":{"rendered":"A Casa Peixoto, empresa de com\u00e9rcio de materiais de constru\u00e7\u00e3o fundada e sediada em Viana do Castelo, anunciou&hellip;\n","protected":false},"author":2,"featured_media":159633,"comment_status":"","ping_status":"","sticky":false,"template":"","format":"standard","meta":{"footnotes":""},"categories":[83],"tags":[88,89,90,32,33],"class_list":{"0":"post-159632","1":"post","2":"type-post","3":"status-publish","4":"format-standard","5":"has-post-thumbnail","7":"category-empresas","8":"tag-business","9":"tag-economy","10":"tag-empresas","11":"tag-portugal","12":"tag-pt"},"share_on_mastodon":{"url":"https:\/\/pubeurope.com\/@pt\/115586067598764654","error":""},"_links":{"self":[{"href":"https:\/\/www.europesays.com\/pt\/wp-json\/wp\/v2\/posts\/159632","targetHints":{"allow":["GET"]}}],"collection":[{"href":"https:\/\/www.europesays.com\/pt\/wp-json\/wp\/v2\/posts"}],"about":[{"href":"https:\/\/www.europesays.com\/pt\/wp-json\/wp\/v2\/types\/post"}],"author":[{"embeddable":true,"href":"https:\/\/www.europesays.com\/pt\/wp-json\/wp\/v2\/users\/2"}],"replies":[{"embeddable":true,"href":"https:\/\/www.europesays.com\/pt\/wp-json\/wp\/v2\/comments?post=159632"}],"version-history":[{"count":0,"href":"https:\/\/www.europesays.com\/pt\/wp-json\/wp\/v2\/posts\/159632\/revisions"}],"wp:featuredmedia":[{"embeddable":true,"href":"https:\/\/www.europesays.com\/pt\/wp-json\/wp\/v2\/media\/159633"}],"wp:attachment":[{"href":"https:\/\/www.europesays.com\/pt\/wp-json\/wp\/v2\/media?parent=159632"}],"wp:term":[{"taxonomy":"category","embeddable":true,"href":"https:\/\/www.europesays.com\/pt\/wp-json\/wp\/v2\/categories?post=159632"},{"taxonomy":"post_tag","embeddable":true,"href":"https:\/\/www.europesays.com\/pt\/wp-json\/wp\/v2\/tags?post=159632"}],"curies":[{"name":"wp","href":"https:\/\/api.w.org\/{rel}","templated":true}]}}