{"id":159650,"date":"2025-11-21T06:35:13","date_gmt":"2025-11-21T06:35:13","guid":{"rendered":"https:\/\/www.europesays.com\/pt\/159650\/"},"modified":"2025-11-21T06:35:13","modified_gmt":"2025-11-21T06:35:13","slug":"rayane-divide-trato-com-tamires-e-alfineta-dudu-quiseram-fazer-rivalidade","status":"publish","type":"post","link":"https:\/\/www.europesays.com\/pt\/159650\/","title":{"rendered":"Rayane divide trato com T\u00e1mires e alfineta Dudu: &#8216;Quiseram fazer rivalidade&#8217;"},"content":{"rendered":"<p class=\"jarvics:base-text-neutral-high-400 base-text-[calc(theme(fontSize.xs)_*_var(--font-size,_1))] base-font-normal base-font-primary base-text-neutral-low-500 base-text-left\">Rayane Figliuzzi segue no trato da vaca e dos b\u00fafalos em A Fazenda 17, mas agora com T\u00e0mires Ass\u00ees. A dupla foi definida pelo Fazendeiro Dudu Camargo e anunciada na manh\u00e3 desta quinta-feira (20). Durante o c\u00e2mera-trato, a empres\u00e1ria aproveitou a oportunidade para alfinetar o apresentador. &#8220;Quiseram fazer rivalidade, mas n\u00e3o v\u00e3o conseguir&#8221;. Acompanhe!<\/p>\n<p><b>O PlayPlus agora \u00e9 RecordPlus: mais conte\u00fado da RECORD para voc\u00ea, ao vivo e de gra\u00e7a. Baixe o app <b><a href=\"https:\/\/descubra.recordplus.com\/\" rel=\"nofollow noopener\" target=\"_blank\">aqui!<\/a><\/b><\/b><\/p>\n","protected":false},"excerpt":{"rendered":"Rayane Figliuzzi segue no trato da vaca e dos b\u00fafalos em A Fazenda 17, mas agora com T\u00e0mires&hellip;\n","protected":false},"author":2,"featured_media":159651,"comment_status":"","ping_status":"","sticky":false,"template":"","format":"standard","meta":{"footnotes":""},"categories":[145],"tags":[657,211,210,114,115,32,33],"class_list":{"0":"post-159650","1":"post","2":"type-post","3":"status-publish","4":"format-standard","5":"has-post-thumbnail","7":"category-celebridades","8":"tag-a-fazenda","9":"tag-celebridades","10":"tag-celebrities","11":"tag-entertainment","12":"tag-entretenimento","13":"tag-portugal","14":"tag-pt"},"share_on_mastodon":{"url":"https:\/\/pubeurope.com\/@pt\/115586303482489606","error":""},"_links":{"self":[{"href":"https:\/\/www.europesays.com\/pt\/wp-json\/wp\/v2\/posts\/159650","targetHints":{"allow":["GET"]}}],"collection":[{"href":"https:\/\/www.europesays.com\/pt\/wp-json\/wp\/v2\/posts"}],"about":[{"href":"https:\/\/www.europesays.com\/pt\/wp-json\/wp\/v2\/types\/post"}],"author":[{"embeddable":true,"href":"https:\/\/www.europesays.com\/pt\/wp-json\/wp\/v2\/users\/2"}],"replies":[{"embeddable":true,"href":"https:\/\/www.europesays.com\/pt\/wp-json\/wp\/v2\/comments?post=159650"}],"version-history":[{"count":0,"href":"https:\/\/www.europesays.com\/pt\/wp-json\/wp\/v2\/posts\/159650\/revisions"}],"wp:featuredmedia":[{"embeddable":true,"href":"https:\/\/www.europesays.com\/pt\/wp-json\/wp\/v2\/media\/159651"}],"wp:attachment":[{"href":"https:\/\/www.europesays.com\/pt\/wp-json\/wp\/v2\/media?parent=159650"}],"wp:term":[{"taxonomy":"category","embeddable":true,"href":"https:\/\/www.europesays.com\/pt\/wp-json\/wp\/v2\/categories?post=159650"},{"taxonomy":"post_tag","embeddable":true,"href":"https:\/\/www.europesays.com\/pt\/wp-json\/wp\/v2\/tags?post=159650"}],"curies":[{"name":"wp","href":"https:\/\/api.w.org\/{rel}","templated":true}]}}