{"id":159711,"date":"2025-11-21T08:18:10","date_gmt":"2025-11-21T08:18:10","guid":{"rendered":"https:\/\/www.europesays.com\/pt\/159711\/"},"modified":"2025-11-21T08:18:10","modified_gmt":"2025-11-21T08:18:10","slug":"alexandre-pato-exibe-foto-inedita-do-filho-de-1-ano","status":"publish","type":"post","link":"https:\/\/www.europesays.com\/pt\/159711\/","title":{"rendered":"Alexandre Pato exibe foto in\u00e9dita do filho de 1 ano"},"content":{"rendered":"<p>O jogador de futebol <a href=\"https:\/\/caras.com.br\/tags\/alexandre-pato\" rel=\"nofollow noopener\" target=\"_blank\"><strong>Alexandre Pato<\/strong><\/a> explodiu o fofur\u00f4metro das redes sociais ao compartilhar uma nova foto de seu filho, <strong>Benjamin<\/strong>, de 1 ano, fruto do casamento com <a href=\"https:\/\/caras.com.br\/tags\/rebeca-abravanel\" rel=\"nofollow noopener\" target=\"_blank\"><strong>Rebeca Abravanel<\/strong><\/a>. Nesta quinta-feira, 20, ele encantou ao exibir um momento da rotina com o menino em casa.<\/p>\n<p>Na foto, Benjamin apareceu em p\u00e9 na cadeira enquanto tomava o caf\u00e9 da manh\u00e3 ao lado do pai. Os f\u00e3s puderam ver o quanto o menino j\u00e1 cresceu e tamb\u00e9m seus lindos cabelos cacheados.<\/p>\n<p>Vale lembrar que Rebeca e Pato decidiram criar o filho longe dos holofotes. Eles compartilham poucas fotos do beb\u00ea e tamb\u00e9m evitam mostrar o rosto dele publicamente para preservar a identidade do menino.<\/p>\n<p> <img loading=\"lazy\" decoding=\"async\" class=\"wp-image-1034226 size-full img-fluid lazy\" alt=\"Benjamin, filho de Alexandre Pato e Rebeca Abravanel - Foto: Reprodu\u00e7\u00e3o \/ Instagram\" width=\"772\" height=\"1370\" src=\"https:\/\/www.europesays.com\/pt\/wp-content\/uploads\/2025\/11\/filho-de-alexandre-pato-rebeca-abravanel.jpg\"  \/>Benjamin, filho de Alexandre Pato e Rebeca Abravanel \u2013 Foto: Reprodu\u00e7\u00e3o \/ Instagram <\/p>\n<p><strong>Leia tamb\u00e9m<\/strong>: <a href=\"https:\/\/caras.com.br\/tv\/valor-da-doacao-de-alexandre-pato-para-o-teleton-chama-a-atencao.phtml\" rel=\"nofollow noopener\" target=\"_blank\">Valor da doa\u00e7\u00e3o de Alexandre Pato para o Teleton chama a aten\u00e7\u00e3o<\/a><\/p>\n<p>\t Alexandre Pato nega aposentadoria <\/p>\n<p>Alexandre Pato, nome que marcou o futebol brasileiro e internacional, causou alvoro\u00e7o nas redes sociais ao detalhar a raz\u00e3o de seu afastamento dos campos desde o final de 2023, per\u00edodo em que encerrou seu contrato com o S\u00e3o Paulo Futebol Clube. O atleta, casado com Rebeca Abravanel, herdeira de Silvio Santos, est\u00e1 integralmente focado em sua vida familiar.<\/p>\n<p>O jogador utilizou seu tempo livre para interagir com seguidores em uma sess\u00e3o de perguntas e respostas, sendo confrontado com a quest\u00e3o que n\u00e3o quer calar: \u201cPor que voc\u00ea parou de jogar t\u00e3o cedo?\u201d.<\/p>\n<p>Pato prontamente negou qualquer inten\u00e7\u00e3o de aposentadoria precoce. O verdadeiro motivo de sua pausa \u00e9 nobre e pessoal: \u201cN\u00e3o parei. Quis acompanhar o nascimento do meu filho, dei um tempo para esse momento t\u00e3o especial\u201d, declarou o jogador.<\/p>\n<p>A decis\u00e3o de se dedicar integralmente \u00e0 chegada de Benjamin, seu primeiro filho com Rebeca Abravanel, colocou a paternidade \u00e0 frente da carreira, mostrando uma nova fase de vida para o atacante.<\/p>\n<p>\t Foco e motiva\u00e7\u00e3o <\/p>\n<p>O atleta tamb\u00e9m foi questionado por um f\u00e3 sobre a influ\u00eancia financeira em sua paix\u00e3o pelo esporte. \u201cAcha que o dinheiro mexeu com a vontade de jogar futebol?\u201d, indagou o seguidor.<\/p>\n<p>Alexandre Pato foi direto na resposta, refor\u00e7ando a mentalidade de um profissional de alta performance: \u201cN\u00e3o, porque aprendi: quanto mais eu jogasse bem, mais eu ganharia. Foi um incentivo importante\u201c, finalizou ele, destacando que a alta remunera\u00e7\u00e3o sempre foi uma consequ\u00eancia do bom desempenho e nunca o fator principal para sua dedica\u00e7\u00e3o.<\/p>\n<p>\u00a0<\/p>\n<p>        <a href=\"https:\/\/caras.com.br\/autor\/priscilla-comoti\" rel=\"nofollow noopener\" target=\"_blank\">&#13;<br \/>\n          <img alt=\"Priscilla Comoti\" src=\"https:\/\/www.europesays.com\/pt\/wp-content\/uploads\/2025\/11\/1763713090_949_e53883bdf02c542f6517b68879e8cb08b27a1d55c4dfd53577e47d3ab6331a06\"  class=\"avatar avatar-115 photo rounded-circle mr-3\" height=\"115\" width=\"115\" loading=\"lazy\" decoding=\"async\"\/>        <\/a><\/p>\n<p>Priscilla Comoti \u00e9 editora de conte\u00fado do site CARAS. Ela \u00e9 formada em jornalismo e em audiovisual, j\u00e1 passou pelos sites Contigo!, Minha Novela, TiTiTi, Mais Novela e Portal M\u00e1rcia Piovesan. Escreve sobre celebridades, not\u00edcias sobre a fam\u00edlia real brit\u00e2nica, TV, reality show e novelas.<\/p>\n","protected":false},"excerpt":{"rendered":"O jogador de futebol Alexandre Pato explodiu o fofur\u00f4metro das redes sociais ao compartilhar uma nova foto de&hellip;\n","protected":false},"author":2,"featured_media":159712,"comment_status":"","ping_status":"","sticky":false,"template":"","format":"standard","meta":{"footnotes":""},"categories":[145],"tags":[34034,34035,211,210,114,115,34036,32,33,34037],"class_list":{"0":"post-159711","1":"post","2":"type-post","3":"status-publish","4":"format-standard","5":"has-post-thumbnail","7":"category-celebridades","8":"tag-alexandre-pato","9":"tag-benjamin","10":"tag-celebridades","11":"tag-celebrities","12":"tag-entertainment","13":"tag-entretenimento","14":"tag-filho-de-rebeca-abravanel-e-alexandre-pato","15":"tag-portugal","16":"tag-pt","17":"tag-rebeca-abravanel"},"share_on_mastodon":{"url":"https:\/\/pubeurope.com\/@pt\/115586708883703026","error":""},"_links":{"self":[{"href":"https:\/\/www.europesays.com\/pt\/wp-json\/wp\/v2\/posts\/159711","targetHints":{"allow":["GET"]}}],"collection":[{"href":"https:\/\/www.europesays.com\/pt\/wp-json\/wp\/v2\/posts"}],"about":[{"href":"https:\/\/www.europesays.com\/pt\/wp-json\/wp\/v2\/types\/post"}],"author":[{"embeddable":true,"href":"https:\/\/www.europesays.com\/pt\/wp-json\/wp\/v2\/users\/2"}],"replies":[{"embeddable":true,"href":"https:\/\/www.europesays.com\/pt\/wp-json\/wp\/v2\/comments?post=159711"}],"version-history":[{"count":0,"href":"https:\/\/www.europesays.com\/pt\/wp-json\/wp\/v2\/posts\/159711\/revisions"}],"wp:featuredmedia":[{"embeddable":true,"href":"https:\/\/www.europesays.com\/pt\/wp-json\/wp\/v2\/media\/159712"}],"wp:attachment":[{"href":"https:\/\/www.europesays.com\/pt\/wp-json\/wp\/v2\/media?parent=159711"}],"wp:term":[{"taxonomy":"category","embeddable":true,"href":"https:\/\/www.europesays.com\/pt\/wp-json\/wp\/v2\/categories?post=159711"},{"taxonomy":"post_tag","embeddable":true,"href":"https:\/\/www.europesays.com\/pt\/wp-json\/wp\/v2\/tags?post=159711"}],"curies":[{"name":"wp","href":"https:\/\/api.w.org\/{rel}","templated":true}]}}