{"id":159715,"date":"2025-11-21T08:25:08","date_gmt":"2025-11-21T08:25:08","guid":{"rendered":"https:\/\/www.europesays.com\/pt\/159715\/"},"modified":"2025-11-21T08:25:08","modified_gmt":"2025-11-21T08:25:08","slug":"gripe-esta-a-chegar-mais-cedo-e-centro-europeu-de-doencas-pede-para-acelerar-vacinacao","status":"publish","type":"post","link":"https:\/\/www.europesays.com\/pt\/159715\/","title":{"rendered":"Gripe est\u00e1 a chegar mais cedo e centro europeu de doen\u00e7as pede para acelerar vacina\u00e7\u00e3o"},"content":{"rendered":"<p>&#13;<br \/>\nSegundo a avalia\u00e7\u00e3o de risco publicada no `site` do ECDC (sigla em ingl\u00eas), em compara\u00e7\u00e3o com anos anteriores, ao casos est\u00e3o a surgir tr\u00eas a quatro semanas mais cedo e a circula\u00e7\u00e3o est\u00e1 a ser impulsionada por uma nova estirpe de gripe A (H3N2), subtipo K.&#13;\n<\/p>\n<p>&#13;<br \/>\nEmbora ainda haja incertezas quanto ao impacto da pr\u00f3xima temporada de gripe na sa\u00fade p\u00fablica, o ECDC diz que as autoridades se devem preparar para o cen\u00e1rio de &#8220;uma temporada de gripe mais severa&#8221; na Europa, especialmente se houver baixa ades\u00e3o \u00e0 vacina\u00e7\u00e3o. &#13;\n<\/p>\n<p>&#13;<br \/>\nUm n\u00famero de infe\u00e7\u00f5es acima do normal tamb\u00e9m aumentaria a press\u00e3o sobre os sistemas de sa\u00fade, alerta o ECDC.&#13;\n<\/p>\n<p>&#13;<br \/>\n&#8220;Estamos a observar um aumento nos casos de gripe muito mais cedo do que o normal este ano e isso significa que o tempo \u00e9 crucial&#8221;, afirma o chefe da sec\u00e7\u00e3o de V\u00edrus Respirat\u00f3rios do ECDC, Edoardo Colzani apelando: &#8220;Se tem direito \u00e0 vacina\u00e7\u00e3o, por favor, n\u00e3o espere. Vacinar-se agora \u00e9 uma das maneiras mais eficazes de se proteger e proteger as pessoas ao seu redor de doen\u00e7as graves neste inverno&#8221;.&#13;\n<\/p>\n<p>&#13;<br \/>\nO ECDC insiste que as pessoas com maior risco de desenvolver doen\u00e7a grave se devem vacinar sem demora. &#13;\n<\/p>\n<p>&#13;<br \/>\nEsses grupos incluem pessoas com mais de 65 anos, gr\u00e1vidas, pessoas com doen\u00e7as preexistentes e cr\u00f3nicas ou imunocomprometidas e pessoas que vivem em ambientes fechados, como institui\u00e7\u00f5es de cuidados continuados e lares.&#13;\n<\/p>\n<p>&#13;<br \/>\nRecomenda igualmente a vacina\u00e7\u00e3o aos profissionais de sa\u00fade ou trabalhadores de institui\u00e7\u00f5es de longa perman\u00eancia.&#13;\n<\/p>\n<p>&#13;<br \/>\nAconselha os servi\u00e7os de sa\u00fade e as institui\u00e7\u00f5es de longa perman\u00eancia a fortalecerem seus planos de prepara\u00e7\u00e3o e medidas de preven\u00e7\u00e3o e controle de infe\u00e7\u00f5es, al\u00e9m de incentivarem funcion\u00e1rios e visitantes a usar m\u00e1scaras durante per\u00edodos de maior circula\u00e7\u00e3o de v\u00edrus respirat\u00f3rios.&#13;\n<\/p>\n<p>&#13;<br \/>\nO ECDC defende igualmente que os profissionais de sa\u00fade devem considerar a administra\u00e7\u00e3o imediata de antivirais a pacientes com maior risco de desenvolver doen\u00e7a grave para reduzir complica\u00e7\u00f5es.&#13;\n<\/p>\n<p>&#13;<br \/>\nOs profissionais de sa\u00fade devem tamb\u00e9m considerar o uso de profilaxia antiviral durante surtos em ambientes fechados, como institui\u00e7\u00f5es de cuidados continuados ou lares.&#13;\n<\/p>\n<p>&#13;<br \/>\nApela ainda aos pa\u00edses que promovam uma &#8220;comunica\u00e7\u00e3o clara e personalizada&#8221; sobre vacina\u00e7\u00e3o, higiene das m\u00e3os e etiqueta respirat\u00f3ria para ajudar a reduzir a transmiss\u00e3o na comunidade.&#13;\n<\/p>\n<p>&#13;<br \/>\nSegundo o ECDC, numa temporada t\u00edpica, a gripe causa morbidade substancial na popula\u00e7\u00e3o europeia, com at\u00e9 50 milh\u00f5es de casos sintom\u00e1ticos e 15.000 a 70.000 mortes por ano. &#13;\n<\/p>\n<p>&#13;<br \/>\nPortugal registou 1.609 \u00f3bitos em excesso durante a epidemia de gripe de dezembro de 2024 a janeiro de 2025, per\u00edodo coincidente com a epidemia de gripe e temperaturas extremas, afetando sobretudo mulheres e pessoas com mais de 85 anos.&#13;\n<\/p>\n<p>&#13;<br \/>\nO Centro de Controlo de Doen\u00e7as avisa que todas as faixas et\u00e1rias s\u00e3o afetadas, embora as crian\u00e7as apresentem taxas de doen\u00e7a mais elevadas e, geralmente, sejam as primeiras a adoecer e transmitir a doen\u00e7a nos seus domic\u00edlios, o que pode impulsionar a transmiss\u00e3o na comunidade. &#13;\n<\/p>\n<p>&#13;<br \/>\nEstima-se que at\u00e9 20% da popula\u00e7\u00e3o contraia gripe anualmente, o que resulta em aus\u00eancias escolares e laborais e num &#8220;impacto significativo&#8221; nos sistemas de sa\u00fade, avisa o Centro de Controlo de Doen\u00e7as, alertando que o impacto \u00e9 maior em ambientes fechados, como institui\u00e7\u00f5es de longa perman\u00eancia.&#13;<\/p>\n","protected":false},"excerpt":{"rendered":"&#13; Segundo a avalia\u00e7\u00e3o de risco publicada no `site` do ECDC (sigla em ingl\u00eas), em compara\u00e7\u00e3o com anos&hellip;\n","protected":false},"author":2,"featured_media":159716,"comment_status":"","ping_status":"","sticky":false,"template":"","format":"standard","meta":{"footnotes":""},"categories":[86],"tags":[116,32,34039,33,117,34038],"class_list":{"0":"post-159715","1":"post","2":"type-post","3":"status-publish","4":"format-standard","5":"has-post-thumbnail","7":"category-saude","8":"tag-health","9":"tag-portugal","10":"tag-prevencao-controle","11":"tag-pt","12":"tag-saude","13":"tag-virus-respiratorios-ecdc-edoardo-colzani"},"share_on_mastodon":{"url":"https:\/\/pubeurope.com\/@pt\/115586735989377295","error":""},"_links":{"self":[{"href":"https:\/\/www.europesays.com\/pt\/wp-json\/wp\/v2\/posts\/159715","targetHints":{"allow":["GET"]}}],"collection":[{"href":"https:\/\/www.europesays.com\/pt\/wp-json\/wp\/v2\/posts"}],"about":[{"href":"https:\/\/www.europesays.com\/pt\/wp-json\/wp\/v2\/types\/post"}],"author":[{"embeddable":true,"href":"https:\/\/www.europesays.com\/pt\/wp-json\/wp\/v2\/users\/2"}],"replies":[{"embeddable":true,"href":"https:\/\/www.europesays.com\/pt\/wp-json\/wp\/v2\/comments?post=159715"}],"version-history":[{"count":0,"href":"https:\/\/www.europesays.com\/pt\/wp-json\/wp\/v2\/posts\/159715\/revisions"}],"wp:featuredmedia":[{"embeddable":true,"href":"https:\/\/www.europesays.com\/pt\/wp-json\/wp\/v2\/media\/159716"}],"wp:attachment":[{"href":"https:\/\/www.europesays.com\/pt\/wp-json\/wp\/v2\/media?parent=159715"}],"wp:term":[{"taxonomy":"category","embeddable":true,"href":"https:\/\/www.europesays.com\/pt\/wp-json\/wp\/v2\/categories?post=159715"},{"taxonomy":"post_tag","embeddable":true,"href":"https:\/\/www.europesays.com\/pt\/wp-json\/wp\/v2\/tags?post=159715"}],"curies":[{"name":"wp","href":"https:\/\/api.w.org\/{rel}","templated":true}]}}