{"id":159719,"date":"2025-11-21T08:33:14","date_gmt":"2025-11-21T08:33:14","guid":{"rendered":"https:\/\/www.europesays.com\/pt\/159719\/"},"modified":"2025-11-21T08:33:14","modified_gmt":"2025-11-21T08:33:14","slug":"xuxa-reclama-de-copias-na-epoca-dos-programas-infantis-fiquei-com-raiva","status":"publish","type":"post","link":"https:\/\/www.europesays.com\/pt\/159719\/","title":{"rendered":"Xuxa reclama de c\u00f3pias na \u00e9poca dos programas infantis: &#8220;Fiquei com raiva&#8221;"},"content":{"rendered":"<p>Um dos nomes mais emblem\u00e1ticos dos anos 80 e 90, Xuxa Meneghel, 62, n\u00e3o foi apenas a companhia de v\u00e1rias gera\u00e7\u00f5es de crian\u00e7as, como tamb\u00e9m\u00a0uma inspira\u00e7\u00e3o fashion para as jovens. De acordo com a eterna Rainha dos Baixinhos, at\u00e9 mesmo colegas passaram a &#8220;copi\u00e1-la&#8221;.<\/p>\n<p>continua depois da publicidade<\/p>\n<p>Em entrevista ao podcast Ambulat\u00f3rio da Moda, a m\u00e3e de Sasha Meneghel relembrou o epis\u00f3dio em que come\u00e7ou a usar tiaras pelo avesso ap\u00f3s experimentar viseiras em uma loja. Dias depois, n\u00e3o deu outra: concorrentes passaram a fazer o mesmo na TV.<\/p>\n<p>+ <a href=\"https:\/\/natelinha.uol.com.br\/televisao\/2025\/11\/20\/juan-paiva-revela-o-principal-motivo-de-ter-virado-ator-234182.php\" rel=\"nofollow noopener\" target=\"_blank\">Juan Paiva revela o principal motivo de ter virado ator<\/a><\/p>\n<p>+ <a href=\"https:\/\/natelinha.uol.com.br\/televisao\/2025\/11\/20\/isabel-fillardis-revela-que-recusou-papel-de-xica-da-silva-circunstancias-234178.php\" rel=\"nofollow noopener\" target=\"_blank\">Isabel Fillardis revela que recusou papel de Xica da Silva: &#8220;Circunst\u00e2ncias&#8221;<\/a><\/p>\n<p>&#8220;Como eu tenho pouco cabelo, decidi usar no show como se fosse uma coroa de princesa, com um biquinho para frente. Ap\u00f3s duas m\u00fasicas, meu cabelo j\u00e1 estava assim, e percebi que todo mundo come\u00e7ou a usar a mesma tiara&#8221;, contou <a href=\"https:\/\/natelinha.uol.com.br\/famosos\/tudo-sobre\/xuxa-meneghel\" rel=\"nofollow noopener\" target=\"_blank\">Xuxa Meneghel<\/a>.<\/p>\n<p>continua depois da publicidade<\/p>\n<p>&#8220;Fiquei com uma raiva interior&#8230; Era para mim, e queria que demorasse pelo menos um m\u00eas para as pessoas reconhecerem que a ideia era minha&#8221;, comentou a namorada de Junno Andrade.<\/p>\n<p>Xuxa Meneghel revela que se irritou com c\u00f3pias<\/p>\n<p><img decoding=\"async\" loading=\"lazy\" class=\"horizontal\" src=\"https:\/\/www.europesays.com\/pt\/wp-content\/uploads\/2025\/11\/xuxa_4290.jpeg\" alt=\"Xuxa reclama de c\u00f3pias na \u00e9poca dos programas infantis: \\\" fiquei=\"\" com=\"\" raiva=\"\"\/><\/p>\n<p>No papo, Xuxa Meneghel n\u00e3o escondeu o quanto ficou incomodada com as c\u00f3pias de suas concorrentes &#8211; a loira, por\u00e9m, optou por n\u00e3o citar nomes.<\/p>\n<p>&#8220;Como o programa era di\u00e1rio, em uma semana todo mundo j\u00e1 estava com algo muito parecido. Eu olhava e pensava: &#8216;Fui eu que criei isso, fui eu que inventei isso, fui eu que pensei nisso'&#8221;, declarou a apresentadora.<\/p>\n<p>continua depois da publicidade<\/p>\n<p>&#8220;N\u00e3o era legal. Ent\u00e3o, para marcar minha identidade, comecei a colocar &#8216;X&#8217; em tudo, em figurinos, cen\u00e1rios e produtos, e virou a minha marca registrada&#8221;,\u00a0explicou Xuxa.<\/p>\n<p>Vale lembrar que, na \u00e9poca em que comandou atra\u00e7\u00f5es como Xou da Xuxa e Xuxa Park, a ex-global concorria com outros \u00edcones infantis, como\u00a0Mara Maravilha, Simony, Ang\u00e9lica e Mariane Dombrova.\u00a0<\/p>\n","protected":false},"excerpt":{"rendered":"Um dos nomes mais emblem\u00e1ticos dos anos 80 e 90, Xuxa Meneghel, 62, n\u00e3o foi apenas a companhia&hellip;\n","protected":false},"author":2,"featured_media":159720,"comment_status":"","ping_status":"","sticky":false,"template":"","format":"standard","meta":{"footnotes":""},"categories":[145],"tags":[211,210,114,115,32,33,2757],"class_list":{"0":"post-159719","1":"post","2":"type-post","3":"status-publish","4":"format-standard","5":"has-post-thumbnail","7":"category-celebridades","8":"tag-celebridades","9":"tag-celebrities","10":"tag-entertainment","11":"tag-entretenimento","12":"tag-portugal","13":"tag-pt","14":"tag-xuxa-meneghel"},"share_on_mastodon":{"url":"https:\/\/pubeurope.com\/@pt\/115586767669305674","error":""},"_links":{"self":[{"href":"https:\/\/www.europesays.com\/pt\/wp-json\/wp\/v2\/posts\/159719","targetHints":{"allow":["GET"]}}],"collection":[{"href":"https:\/\/www.europesays.com\/pt\/wp-json\/wp\/v2\/posts"}],"about":[{"href":"https:\/\/www.europesays.com\/pt\/wp-json\/wp\/v2\/types\/post"}],"author":[{"embeddable":true,"href":"https:\/\/www.europesays.com\/pt\/wp-json\/wp\/v2\/users\/2"}],"replies":[{"embeddable":true,"href":"https:\/\/www.europesays.com\/pt\/wp-json\/wp\/v2\/comments?post=159719"}],"version-history":[{"count":0,"href":"https:\/\/www.europesays.com\/pt\/wp-json\/wp\/v2\/posts\/159719\/revisions"}],"wp:featuredmedia":[{"embeddable":true,"href":"https:\/\/www.europesays.com\/pt\/wp-json\/wp\/v2\/media\/159720"}],"wp:attachment":[{"href":"https:\/\/www.europesays.com\/pt\/wp-json\/wp\/v2\/media?parent=159719"}],"wp:term":[{"taxonomy":"category","embeddable":true,"href":"https:\/\/www.europesays.com\/pt\/wp-json\/wp\/v2\/categories?post=159719"},{"taxonomy":"post_tag","embeddable":true,"href":"https:\/\/www.europesays.com\/pt\/wp-json\/wp\/v2\/tags?post=159719"}],"curies":[{"name":"wp","href":"https:\/\/api.w.org\/{rel}","templated":true}]}}