{"id":159721,"date":"2025-11-21T08:36:20","date_gmt":"2025-11-21T08:36:20","guid":{"rendered":"https:\/\/www.europesays.com\/pt\/159721\/"},"modified":"2025-11-21T08:36:20","modified_gmt":"2025-11-21T08:36:20","slug":"terra-forte-ha-quimica-entre-dudu-e-sonia-novelas","status":"publish","type":"post","link":"https:\/\/www.europesays.com\/pt\/159721\/","title":{"rendered":"Terra Forte: H\u00e1 qu\u00edmica entre Dudu e S\u00f3nia? &#8211; Novelas"},"content":{"rendered":"<p>Em \u00abTerra Forte\u00bb, Dani (Camy Ribau) diz a Dudu (Tom\u00e1s Taborda) para ter paci\u00eancia com Rosinha, que voltar\u00e1 para ele quando Maria de F\u00e1tima dividir tudo com Flor (Benedita Pereira). Dani, vendo S\u00f3nia (Mafalda Tavares) a olhar para Dudu, empurra o irm\u00e3o para cima dela. S\u00f3nia sorri recetiva. Dani v\u00ea Vini a falar com Eva e, desconhecendo que eles s\u00e3o irm\u00e3os, fica irritada.<\/p>\n","protected":false},"excerpt":{"rendered":"Em \u00abTerra Forte\u00bb, Dani (Camy Ribau) diz a Dudu (Tom\u00e1s Taborda) para ter paci\u00eancia com Rosinha, que voltar\u00e1&hellip;\n","protected":false},"author":2,"featured_media":159722,"comment_status":"","ping_status":"","sticky":false,"template":"","format":"standard","meta":{"footnotes":""},"categories":[142],"tags":[160,166,114,115,157,167,164,2931,161,158,165,159,32,33,156,18614,163,151,162],"class_list":{"0":"post-159721","1":"post","2":"type-post","3":"status-publish","4":"format-standard","5":"has-post-thumbnail","7":"category-tv","8":"tag-ana-guiomar","9":"tag-cristina-ferreira","10":"tag-entertainment","11":"tag-entretenimento","12":"tag-festa-e-festa","13":"tag-ficcao","14":"tag-jose-fidalgo","15":"tag-novela","16":"tag-novelas","17":"tag-para-sempre","18":"tag-pedro-sousa","19":"tag-pedro-teixeira","20":"tag-portugal","21":"tag-pt","22":"tag-queridos-papas","23":"tag-terra-forte","24":"tag-tiago-teotonio-pereira","25":"tag-tv","26":"tag-tvi"},"share_on_mastodon":{"url":"https:\/\/pubeurope.com\/@pt\/115586779287695883","error":""},"_links":{"self":[{"href":"https:\/\/www.europesays.com\/pt\/wp-json\/wp\/v2\/posts\/159721","targetHints":{"allow":["GET"]}}],"collection":[{"href":"https:\/\/www.europesays.com\/pt\/wp-json\/wp\/v2\/posts"}],"about":[{"href":"https:\/\/www.europesays.com\/pt\/wp-json\/wp\/v2\/types\/post"}],"author":[{"embeddable":true,"href":"https:\/\/www.europesays.com\/pt\/wp-json\/wp\/v2\/users\/2"}],"replies":[{"embeddable":true,"href":"https:\/\/www.europesays.com\/pt\/wp-json\/wp\/v2\/comments?post=159721"}],"version-history":[{"count":0,"href":"https:\/\/www.europesays.com\/pt\/wp-json\/wp\/v2\/posts\/159721\/revisions"}],"wp:featuredmedia":[{"embeddable":true,"href":"https:\/\/www.europesays.com\/pt\/wp-json\/wp\/v2\/media\/159722"}],"wp:attachment":[{"href":"https:\/\/www.europesays.com\/pt\/wp-json\/wp\/v2\/media?parent=159721"}],"wp:term":[{"taxonomy":"category","embeddable":true,"href":"https:\/\/www.europesays.com\/pt\/wp-json\/wp\/v2\/categories?post=159721"},{"taxonomy":"post_tag","embeddable":true,"href":"https:\/\/www.europesays.com\/pt\/wp-json\/wp\/v2\/tags?post=159721"}],"curies":[{"name":"wp","href":"https:\/\/api.w.org\/{rel}","templated":true}]}}