{"id":159725,"date":"2025-11-21T08:40:08","date_gmt":"2025-11-21T08:40:08","guid":{"rendered":"https:\/\/www.europesays.com\/pt\/159725\/"},"modified":"2025-11-21T08:40:08","modified_gmt":"2025-11-21T08:40:08","slug":"criancas-representam-70-dos-casos-de-gripe-nas-urgencias","status":"publish","type":"post","link":"https:\/\/www.europesays.com\/pt\/159725\/","title":{"rendered":"Crian\u00e7as representam 70% dos casos de gripe nas urg\u00eancias"},"content":{"rendered":"<p>\t                REVISTA DE IMPRENSA || novas regras de vacina\u00e7\u00e3o querem travar cont\u00e1gios<\/p>\n<p>As crian\u00e7as e os jovens foram respons\u00e1veis por cerca de 70% dos epis\u00f3dios de urg\u00eancia por s\u00edndrome gripal no in\u00edcio da \u00faltima \u00e9poca. <a href=\"https:\/\/www.jn.pt\/nacional\/artigo\/criancas-e-jovens-sao-70-dos-casos-de-gripe-nas-urgencias\/18022144\" target=\"_blank\" rel=\"nofollow noopener\">De acordo com o Jornal de Not\u00edcias<\/a>, entre os menores de cinco anos, 88% dos internamentos ocorreram em crian\u00e7as previamente saud\u00e1veis, revelando o impacto da gripe nesta faixa et\u00e1ria e as consequ\u00eancias que o cont\u00e1gio gera para fam\u00edlias e para a economia.<\/p>\n<p>Os dados, divulgados no \u00e2mbito da campanha \u201cN\u00e3o deixe a gripe estragar a festa\u201d e citados pelo jornal, refor\u00e7am a necessidade de medidas preventivas nas crian\u00e7as, que funcionam como principais motores de transmiss\u00e3o dentro e fora de casa.<\/p>\n<p>A conviv\u00eancia em espa\u00e7os fechados facilita o cont\u00e1gio entre alunos, que depois transportam o v\u00edrus para o agregado familiar, contribuindo para dias de trabalho perdidos e maior risco para os av\u00f3s. Estima-se que cem crian\u00e7as abaixo dos tr\u00eas anos originem cerca de 195 dias de faltas laborais.<\/p>\n<p>A Dire\u00e7\u00e3o-Geral da Sa\u00fade apostou este ano numa estrat\u00e9gia de vacina\u00e7\u00e3o alargada: gratuita entre os seis e os 23 meses e comparticipada at\u00e9 aos cinco anos. O objetivo \u00e9 reduzir internamentos, complica\u00e7\u00f5es e circula\u00e7\u00e3o viral, funcionando como tamp\u00e3o comunit\u00e1rio. A ades\u00e3o mant\u00e9m-se alinhada com o previsto, com mais de dois milh\u00f5es de vacinados contra a gripe at\u00e9 novembro.<\/p>\n","protected":false},"excerpt":{"rendered":"REVISTA DE IMPRENSA || novas regras de vacina\u00e7\u00e3o querem travar cont\u00e1gios As crian\u00e7as e os jovens foram respons\u00e1veis&hellip;\n","protected":false},"author":2,"featured_media":159726,"comment_status":"","ping_status":"","sticky":false,"template":"","format":"standard","meta":{"footnotes":""},"categories":[86],"tags":[609,2642,611,27,607,608,2646,2641,838,2644,610,2645,2643,981,1418,116,2648,570,2647,13,32,33,117,1030,216,2649,29,6954,2640],"class_list":{"0":"post-159725","1":"post","2":"type-post","3":"status-publish","4":"format-standard","5":"has-post-thumbnail","7":"category-saude","8":"tag-alerta","9":"tag-amor","10":"tag-ao-minuto","11":"tag-breaking-news","12":"tag-cnn","13":"tag-cnn-portugal","14":"tag-conselhos","15":"tag-covid-19","16":"tag-criancas","17":"tag-dicas","18":"tag-direto","19":"tag-especialistas","20":"tag-estudos","21":"tag-familia","22":"tag-gripe","23":"tag-health","24":"tag-hospitais","25":"tag-live","26":"tag-medicos","27":"tag-noticias","28":"tag-portugal","29":"tag-pt","30":"tag-saude","31":"tag-saude-mental","32":"tag-sexo","33":"tag-sns","34":"tag-ultimas","35":"tag-urgencias","36":"tag-vida-saudavel"},"share_on_mastodon":{"url":"https:\/\/pubeurope.com\/@pt\/115586795012127652","error":""},"_links":{"self":[{"href":"https:\/\/www.europesays.com\/pt\/wp-json\/wp\/v2\/posts\/159725","targetHints":{"allow":["GET"]}}],"collection":[{"href":"https:\/\/www.europesays.com\/pt\/wp-json\/wp\/v2\/posts"}],"about":[{"href":"https:\/\/www.europesays.com\/pt\/wp-json\/wp\/v2\/types\/post"}],"author":[{"embeddable":true,"href":"https:\/\/www.europesays.com\/pt\/wp-json\/wp\/v2\/users\/2"}],"replies":[{"embeddable":true,"href":"https:\/\/www.europesays.com\/pt\/wp-json\/wp\/v2\/comments?post=159725"}],"version-history":[{"count":0,"href":"https:\/\/www.europesays.com\/pt\/wp-json\/wp\/v2\/posts\/159725\/revisions"}],"wp:featuredmedia":[{"embeddable":true,"href":"https:\/\/www.europesays.com\/pt\/wp-json\/wp\/v2\/media\/159726"}],"wp:attachment":[{"href":"https:\/\/www.europesays.com\/pt\/wp-json\/wp\/v2\/media?parent=159725"}],"wp:term":[{"taxonomy":"category","embeddable":true,"href":"https:\/\/www.europesays.com\/pt\/wp-json\/wp\/v2\/categories?post=159725"},{"taxonomy":"post_tag","embeddable":true,"href":"https:\/\/www.europesays.com\/pt\/wp-json\/wp\/v2\/tags?post=159725"}],"curies":[{"name":"wp","href":"https:\/\/api.w.org\/{rel}","templated":true}]}}