{"id":159731,"date":"2025-11-21T08:46:21","date_gmt":"2025-11-21T08:46:21","guid":{"rendered":"https:\/\/www.europesays.com\/pt\/159731\/"},"modified":"2025-11-21T08:46:21","modified_gmt":"2025-11-21T08:46:21","slug":"incendio-na-cop30-ministra-confirma-que-todos-os-portugueses-estao-bem","status":"publish","type":"post","link":"https:\/\/www.europesays.com\/pt\/159731\/","title":{"rendered":"Inc\u00eandio na COP30. Ministra confirma que &#8220;todos os portugueses est\u00e3o bem&#8221;"},"content":{"rendered":"<p>            Inc\u00eandio na COP30. Ministra confirma que &#8220;todos os portugueses est\u00e3o bem&#8221;<\/p>\n<p itemprop=\"description\" class=\"article-lead\">\n      Um inc\u00eandio que deflagrou no Pavilh\u00e3o \u00c1frica obrigou esta tarde a evacuar o recinto onde decorre a cimeira do clima &#8211; COP30, em Bel\u00e9m, no Brasil. Em entrevista \u00e0 RTP, a ministra do Ambiente e da Energia garantiu que os portugueses foram &#8220;dos primeiros a sair&#8221; e &#8220;est\u00e3o bem&#8221;.&#13;<\/p>\n","protected":false},"excerpt":{"rendered":"Inc\u00eandio na COP30. Ministra confirma que &#8220;todos os portugueses est\u00e3o bem&#8221; Um inc\u00eandio que deflagrou no Pavilh\u00e3o \u00c1frica&hellip;\n","protected":false},"author":2,"featured_media":159732,"comment_status":"","ping_status":"","sticky":false,"template":"","format":"standard","meta":{"footnotes":""},"categories":[8],"tags":[964,4508,726,27,28,6391,15,16,14,625,25,26,21,22,12,13,19,20,3295,32,23,24,33,17,18,29,30,31],"class_list":{"0":"post-159731","1":"post","2":"type-post","3":"status-publish","4":"format-standard","5":"has-post-thumbnail","7":"category-principais-noticias","8":"tag-ambiente","9":"tag-belem","10":"tag-brasil","11":"tag-breaking-news","12":"tag-breakingnews","13":"tag-cop30","14":"tag-featured-news","15":"tag-featurednews","16":"tag-headlines","17":"tag-incendio","18":"tag-latest-news","19":"tag-latestnews","20":"tag-main-news","21":"tag-mainnews","22":"tag-news","23":"tag-noticias","24":"tag-noticias-principais","25":"tag-noticiasprincipais","26":"tag-para","27":"tag-portugal","28":"tag-principais-noticias","29":"tag-principaisnoticias","30":"tag-pt","31":"tag-top-stories","32":"tag-topstories","33":"tag-ultimas","34":"tag-ultimas-noticias","35":"tag-ultimasnoticias"},"share_on_mastodon":{"url":"https:\/\/pubeurope.com\/@pt\/115586818744288677","error":""},"_links":{"self":[{"href":"https:\/\/www.europesays.com\/pt\/wp-json\/wp\/v2\/posts\/159731","targetHints":{"allow":["GET"]}}],"collection":[{"href":"https:\/\/www.europesays.com\/pt\/wp-json\/wp\/v2\/posts"}],"about":[{"href":"https:\/\/www.europesays.com\/pt\/wp-json\/wp\/v2\/types\/post"}],"author":[{"embeddable":true,"href":"https:\/\/www.europesays.com\/pt\/wp-json\/wp\/v2\/users\/2"}],"replies":[{"embeddable":true,"href":"https:\/\/www.europesays.com\/pt\/wp-json\/wp\/v2\/comments?post=159731"}],"version-history":[{"count":0,"href":"https:\/\/www.europesays.com\/pt\/wp-json\/wp\/v2\/posts\/159731\/revisions"}],"wp:featuredmedia":[{"embeddable":true,"href":"https:\/\/www.europesays.com\/pt\/wp-json\/wp\/v2\/media\/159732"}],"wp:attachment":[{"href":"https:\/\/www.europesays.com\/pt\/wp-json\/wp\/v2\/media?parent=159731"}],"wp:term":[{"taxonomy":"category","embeddable":true,"href":"https:\/\/www.europesays.com\/pt\/wp-json\/wp\/v2\/categories?post=159731"},{"taxonomy":"post_tag","embeddable":true,"href":"https:\/\/www.europesays.com\/pt\/wp-json\/wp\/v2\/tags?post=159731"}],"curies":[{"name":"wp","href":"https:\/\/api.w.org\/{rel}","templated":true}]}}