{"id":159733,"date":"2025-11-21T08:47:09","date_gmt":"2025-11-21T08:47:09","guid":{"rendered":"https:\/\/www.europesays.com\/pt\/159733\/"},"modified":"2025-11-21T08:47:09","modified_gmt":"2025-11-21T08:47:09","slug":"nuno-markl-internado-apos-sofrer-avc-3","status":"publish","type":"post","link":"https:\/\/www.europesays.com\/pt\/159733\/","title":{"rendered":"Nuno Markl internado ap\u00f3s sofrer AVC"},"content":{"rendered":"<p style=\"margin-bottom:11px\">O humorista e radialista Nuno Markl deu entrada no Hospital S\u00e3o Francisco Xavier, em Lisboa, depois de ter tido um acidente vascular cerebral (AVC).<\/p>\n<p>A not\u00edcia foi avan\u00e7ada pelo <a href=\"https:\/\/www.cmjornal.pt\/vidas\/ultimas\/detalhe\/nuno-markl-da-entrada-no-hospital-de-sao-francisco-xavier-com-avc\" target=\"_blank\" rel=\"nofollow noopener\">Correio da Manh\u00e3<\/a>\u00a0e a pr\u00f3pria R\u00e1dio Comercial j\u00e1 enviou uma mensagem de apoio. De acordo com o <a href=\"https:\/\/observador.pt\/2025\/11\/20\/humorista-nuno-markl-internado-apos-sofrer-avc\/\" target=\"_blank\" rel=\"nofollow noopener\">Observador<\/a>, o artista de 54 anos encontra-se est\u00e1vel.<\/p>\n<blockquote class=\"instagram-media\" data-instgrm-captioned=\"\" data-instgrm-permalink=\"https:\/\/www.instagram.com\/p\/DRTADMwDL7o\/?utm_source=ig_embed&amp;utm_campaign=loading\" data-instgrm-version=\"14\" style=\" background:#FFF; border:0; border-radius:3px; box-shadow:0 0 1px 0 rgba(0,0,0,0.5),0 1px 10px 0 rgba(0,0,0,0.15); margin: 1px; max-width:540px; min-width:326px; padding:0; width:99.375%; width:-webkit-calc(100% - 2px); width:calc(100% - 2px);\">\n<\/blockquote>\n<p>Personagem quase un\u00e2nime na sociedade portuguesa, Nuno Markl \u00e9 uma das pessoas com mais seguidores no pa\u00eds, tendo um milh\u00e3o de seguidores na rede social Instagram.<\/p>\n<p>Criador de \u201cO Homem Que Mordeu o C\u00e3o\u201d, o radialista trabalha h\u00e1 v\u00e1rios anos na R\u00e1dio Comercial, sendo companhia habitual dos portugueses que ouvem o programa da manh\u00e3.<\/p>\n<p>De resto, esta mesma quinta-feira marcou presen\u00e7a no programa di\u00e1rio para trazer a todos a rubrica que fala sobre algumas das not\u00edcias mais bizarras.<\/p>\n<p>Tamb\u00e9m neste dia partilhou com os seguidores que n\u00e3o havia grava\u00e7\u00f5es do &#8220;Taskmaster&#8221;, projeto que j\u00e1 confessou que, em conjunto com todas as outras coisas que tem para fazer, o deixa esgotado.<\/p>\n<blockquote class=\"instagram-media\" data-instgrm-captioned=\"\" data-instgrm-permalink=\"https:\/\/www.instagram.com\/p\/DRRsCsujNo5\/?utm_source=ig_embed&amp;utm_campaign=loading\" data-instgrm-version=\"14\" style=\" background:#FFF; border:0; border-radius:3px; box-shadow:0 0 1px 0 rgba(0,0,0,0.5),0 1px 10px 0 rgba(0,0,0,0.15); margin: 1px; max-width:540px; min-width:326px; padding:0; width:99.375%; width:-webkit-calc(100% - 2px); width:calc(100% - 2px);\">\n<\/blockquote>\n<p>Acabou por ganhar ainda maior destaque no programa \u201cTaskmaster\u201d, que co-protagoniza com o tamb\u00e9m companheiro de r\u00e1dio Vasco Palmeirim.<\/p>\n<p>Nome maior do humor portugu\u00eas, destaca-se sobretudo pela escrita, tendo j\u00e1 estado por detr\u00e1s de cria\u00e7\u00f5es para Herman Jos\u00e9, mas tendo tamb\u00e9m participado em in\u00fameros projetos de Bruno Nogueira, como foi o caso de \u201cPrinc\u00edpio, Meio e Fim\u201d, em que era um dos quatro argumentistas.<\/p>\n<p>Tamb\u00e9m ao lado de Bruno Nogueira, ganhou popularidade no podcast \u201cUma N\u00easpera no Cu\u201d, al\u00e9m de ter sido a presen\u00e7a mais ass\u00eddua durante \u201cComo \u00e9 que o Bicho Mexe\u201d, projeto tamb\u00e9m de Bruno Nogueira que fez companhia a milh\u00f5es de portugueses na pandemia.<\/p>\n<p>                            <script async src=\"\/\/www.instagram.com\/embed.js\"><\/script><\/p>\n","protected":false},"excerpt":{"rendered":"O humorista e radialista Nuno Markl deu entrada no Hospital S\u00e3o Francisco Xavier, em Lisboa, depois de ter&hellip;\n","protected":false},"author":2,"featured_media":159734,"comment_status":"","ping_status":"","sticky":false,"template":"","format":"standard","meta":{"footnotes":""},"categories":[145],"tags":[609,836,2520,260,1493,2530,211,210,2518,604,135,476,114,115,2519,301,2513,2515,2529,2531,2527,603,2517,2516,62,13,11435,34023,34024,2526,2528,2525,2522,32,2523,33,2521,2524,899,162,2514,2512,30],"class_list":{"0":"post-159733","1":"post","2":"type-post","3":"status-publish","4":"format-standard","5":"has-post-thumbnail","7":"category-celebridades","8":"tag-alerta","9":"tag-analise","10":"tag-as-pessoas-nao-sao-numeros","11":"tag-atualidade","12":"tag-avc","13":"tag-catia-nobre","14":"tag-celebridades","15":"tag-celebrities","16":"tag-comentario","17":"tag-crime","18":"tag-desporto","19":"tag-economia","20":"tag-entertainment","21":"tag-entretenimento","22":"tag-global","23":"tag-governo","24":"tag-jornal","25":"tag-jornal-nacional","26":"tag-jose-alberto-carvalho","27":"tag-jose-carlos-araujo","28":"tag-jose-eduardo-moniz","29":"tag-justica","30":"tag-mais-populares","31":"tag-mais-vistos","32":"tag-mundo","33":"tag-noticias","34":"tag-nuno-markl","35":"tag-nuno-markl-avc","36":"tag-nuno-markl-internado","37":"tag-nuno-santos","38":"tag-pedro-benevides","39":"tag-pedro-santos-guerreiro","40":"tag-perplexidades","41":"tag-portugal","42":"tag-preto-no-branco","43":"tag-pt","44":"tag-reporter-tvi","45":"tag-sandra-felgueiras","46":"tag-sara-pinto","47":"tag-tvi","48":"tag-tvi-jornal","49":"tag-ultima-hora","50":"tag-ultimas-noticias"},"share_on_mastodon":{"url":"","error":"Validation failed: Text character limit of 500 exceeded"},"_links":{"self":[{"href":"https:\/\/www.europesays.com\/pt\/wp-json\/wp\/v2\/posts\/159733","targetHints":{"allow":["GET"]}}],"collection":[{"href":"https:\/\/www.europesays.com\/pt\/wp-json\/wp\/v2\/posts"}],"about":[{"href":"https:\/\/www.europesays.com\/pt\/wp-json\/wp\/v2\/types\/post"}],"author":[{"embeddable":true,"href":"https:\/\/www.europesays.com\/pt\/wp-json\/wp\/v2\/users\/2"}],"replies":[{"embeddable":true,"href":"https:\/\/www.europesays.com\/pt\/wp-json\/wp\/v2\/comments?post=159733"}],"version-history":[{"count":0,"href":"https:\/\/www.europesays.com\/pt\/wp-json\/wp\/v2\/posts\/159733\/revisions"}],"wp:featuredmedia":[{"embeddable":true,"href":"https:\/\/www.europesays.com\/pt\/wp-json\/wp\/v2\/media\/159734"}],"wp:attachment":[{"href":"https:\/\/www.europesays.com\/pt\/wp-json\/wp\/v2\/media?parent=159733"}],"wp:term":[{"taxonomy":"category","embeddable":true,"href":"https:\/\/www.europesays.com\/pt\/wp-json\/wp\/v2\/categories?post=159733"},{"taxonomy":"post_tag","embeddable":true,"href":"https:\/\/www.europesays.com\/pt\/wp-json\/wp\/v2\/tags?post=159733"}],"curies":[{"name":"wp","href":"https:\/\/api.w.org\/{rel}","templated":true}]}}