{"id":159735,"date":"2025-11-21T08:50:10","date_gmt":"2025-11-21T08:50:10","guid":{"rendered":"https:\/\/www.europesays.com\/pt\/159735\/"},"modified":"2025-11-21T08:50:10","modified_gmt":"2025-11-21T08:50:10","slug":"esta-com-a-mao-nas-maminhas-marisa-e-pedro-trocam-carinhos-marotos-secret-story","status":"publish","type":"post","link":"https:\/\/www.europesays.com\/pt\/159735\/","title":{"rendered":"\u00abEst\u00e1 com a m\u00e3o nas maminhas?\u00bb: Marisa e Pedro trocam carinhos marotos &#8211; Secret Story"},"content":{"rendered":"<p>No Secret Story 9, Pedro e Marisa j\u00e1 n\u00e3o escondem o amor que os une. No final da noite, os dois deitaram-se lado a lado e trocaram festinhas. No Extra, Marta Cardoso afirma at\u00e9 que houve uma m\u00e3o marota do concorrente.<\/p>\n<p><strong>Esta semana, h\u00e1 cinco concorrentes em risco de expuls\u00e3o j\u00e1 no pr\u00f3ximo domingo.<\/strong><\/p>\n<p>VOTE PARA SALVAR:<\/p>\n<p>ANA \u2013 761 20 20 01<br \/>F\u00c1BIO \u2013 761 20 20 08<br \/>IN\u00caS \u2013 761 20 20 10<br \/>LILIANA \u2013 761 20 20 14<br \/>MARISA SUSANA &#8211; 761 20 20 17<\/p>\n<p><a href=\"https:\/\/tvi.iol.pt\/secretstory\/aominuto\" rel=\"nofollow noopener\" target=\"_blank\">Acompanhe ao minuto tudo o que se passa na casa mais vigiada do Pa\u00eds<\/a><\/p>\n","protected":false},"excerpt":{"rendered":"No Secret Story 9, Pedro e Marisa j\u00e1 n\u00e3o escondem o amor que os une. No final da&hellip;\n","protected":false},"author":2,"featured_media":159736,"comment_status":"","ping_status":"","sticky":false,"template":"","format":"standard","meta":{"footnotes":""},"categories":[142],"tags":[114,115,19184,18800,14646,32,33,151,162,18801],"class_list":{"0":"post-159735","1":"post","2":"type-post","3":"status-publish","4":"format-standard","5":"has-post-thumbnail","7":"category-tv","8":"tag-entertainment","9":"tag-entretenimento","10":"tag-marisa","11":"tag-momentos-virais-secret-story","12":"tag-pedro","13":"tag-portugal","14":"tag-pt","15":"tag-tv","16":"tag-tvi","17":"tag-videos-virais-concorrentes"},"share_on_mastodon":{"url":"https:\/\/pubeurope.com\/@pt\/115586834288983206","error":""},"_links":{"self":[{"href":"https:\/\/www.europesays.com\/pt\/wp-json\/wp\/v2\/posts\/159735","targetHints":{"allow":["GET"]}}],"collection":[{"href":"https:\/\/www.europesays.com\/pt\/wp-json\/wp\/v2\/posts"}],"about":[{"href":"https:\/\/www.europesays.com\/pt\/wp-json\/wp\/v2\/types\/post"}],"author":[{"embeddable":true,"href":"https:\/\/www.europesays.com\/pt\/wp-json\/wp\/v2\/users\/2"}],"replies":[{"embeddable":true,"href":"https:\/\/www.europesays.com\/pt\/wp-json\/wp\/v2\/comments?post=159735"}],"version-history":[{"count":0,"href":"https:\/\/www.europesays.com\/pt\/wp-json\/wp\/v2\/posts\/159735\/revisions"}],"wp:featuredmedia":[{"embeddable":true,"href":"https:\/\/www.europesays.com\/pt\/wp-json\/wp\/v2\/media\/159736"}],"wp:attachment":[{"href":"https:\/\/www.europesays.com\/pt\/wp-json\/wp\/v2\/media?parent=159735"}],"wp:term":[{"taxonomy":"category","embeddable":true,"href":"https:\/\/www.europesays.com\/pt\/wp-json\/wp\/v2\/categories?post=159735"},{"taxonomy":"post_tag","embeddable":true,"href":"https:\/\/www.europesays.com\/pt\/wp-json\/wp\/v2\/tags?post=159735"}],"curies":[{"name":"wp","href":"https:\/\/api.w.org\/{rel}","templated":true}]}}