{"id":159737,"date":"2025-11-21T08:54:11","date_gmt":"2025-11-21T08:54:11","guid":{"rendered":"https:\/\/www.europesays.com\/pt\/159737\/"},"modified":"2025-11-21T08:54:11","modified_gmt":"2025-11-21T08:54:11","slug":"introducao-precoce-de-amendoins-leite-e-ovos-pode-prevenir-alergias-em-bebes","status":"publish","type":"post","link":"https:\/\/www.europesays.com\/pt\/159737\/","title":{"rendered":"Introdu\u00e7\u00e3o precoce de amendoins, leite e ovos pode prevenir alergias em beb\u00e9s"},"content":{"rendered":"<p><strong>Acompanhe toda a atualidade informativa em\u00a0<a href=\"http:\/\/24noticias.sapo.pt\/\" rel=\"nofollow noopener\" target=\"_blank\">24noticias.sapo.pt<\/a><br \/><\/strong><\/p>\n<p>A <a href=\"https:\/\/www.eurannallergyimm.com\/allergens-weaning-what-is-missing-from-commercial-baby-food\/\" target=\"_blank\" rel=\"noreferrer noopener nofollow\">investiga\u00e7\u00e3o<\/a>, publicada este m\u00eas na European Annals of Allergy and Clinical Immunology, alerta para a necessidade de \u201cincorporar em vez de excluir\u201d estes alimentos, contrariando pr\u00e1ticas sociais ainda comuns.<\/p>\n<p>A equipa, liderada por In\u00eas P\u00e1dua, Rita Barbosa Silva, \u00c2ngela Moreira e Beatriz Pimenta, analisou 492 produtos alimentares para beb\u00e9s at\u00e9 15 meses dispon\u00edveis em dez cadeias de supermercados, incluindo pur\u00e9s, iogurtes, papas e snacks. Dos 14 principais alerg\u00e9nios, apenas oito estavam presentes nos produtos: trigo (132 produtos), leite de vaca (112), peixe (16), ovos (6), soja (11), frutos secos (2) e amendoim (1). Nenhum produto continha crust\u00e1ceos, s\u00e9samo, mostarda, tremo\u00e7o, aipo ou sulfitos.<\/p>\n<p>\u201cAs recomenda\u00e7\u00f5es de introdu\u00e7\u00e3o alimentar atuais sugerem a introdu\u00e7\u00e3o dos alerg\u00e9nios alimentares mais comuns aos 12 meses. Embora seja recomend\u00e1vel o consumo de refei\u00e7\u00f5es caseiras, existe uma crescente procura por solu\u00e7\u00f5es comerciais complementares\u201d (CACF, na sigla original em ingl\u00eas), notam as investigadoras. \u00c9 tamb\u00e9m assinalado que, apesar de serem escassos os estudos sobre as tend\u00eancias alimentares na primeira inf\u00e2ncia, na maior parte dos pa\u00edses europeus regista-se um consumo destes produtos nos primeiros dois anos de vida.<\/p>\n<p>O estudo coincide com o Dia Mundial da Anafilaxia, assinalado esta sexta-feira, 21 de novembro, sublinhando a import\u00e2ncia da preven\u00e7\u00e3o precoce de alergias alimentares. As \u00faltimas diretrizes portuguesas sobre alimenta\u00e7\u00e3o complementar, de 2019, indicam que a introdu\u00e7\u00e3o de alerg\u00e9nios n\u00e3o deve ser atrasada, mas n\u00e3o especificam a preven\u00e7\u00e3o como objetivo.<\/p>\n<p>A an\u00e1lise excluiu leite em p\u00f3, produtos para beb\u00e9s acima de 15 meses e alimentos destinados a crian\u00e7as com alergias ou intoler\u00e2ncias.<\/p>\n<p>___<\/p>\n<p><strong>A sua newsletter de sempre, agora ainda mais \u00fatil<\/strong><\/p>\n<p>Com o lan\u00e7amento da nova marca de informa\u00e7\u00e3o 24not\u00edcias, estamos a mudar a plataforma de newsletters, aproveitando para refor\u00e7ar a informa\u00e7\u00e3o que os leitores mais valorizam:<strong> a que lhes \u00e9 \u00fatil, ajuda a tomar decis\u00f5es e a entender o mundo.<\/strong><\/p>\n<p><strong>Assine a nova newsletter do 24not\u00edcias <a href=\"https:\/\/sapo.us1.list-manage.com\/subscribe?u=8f49263740b14ab5854be8045&amp;id=57a39c5e8f\" target=\"_blank\" rel=\"noreferrer noopener nofollow\">aqui<\/a>.<\/strong><\/p>\n","protected":false},"excerpt":{"rendered":"Acompanhe toda a atualidade informativa em\u00a024noticias.sapo.pt A investiga\u00e7\u00e3o, publicada este m\u00eas na European Annals of Allergy and Clinical&hellip;\n","protected":false},"author":2,"featured_media":159738,"comment_status":"","ping_status":"","sticky":false,"template":"","format":"standard","meta":{"footnotes":""},"categories":[86],"tags":[116,32,33,117],"class_list":{"0":"post-159737","1":"post","2":"type-post","3":"status-publish","4":"format-standard","5":"has-post-thumbnail","7":"category-saude","8":"tag-health","9":"tag-portugal","10":"tag-pt","11":"tag-saude"},"share_on_mastodon":{"url":"https:\/\/pubeurope.com\/@pt\/115586849996412587","error":""},"_links":{"self":[{"href":"https:\/\/www.europesays.com\/pt\/wp-json\/wp\/v2\/posts\/159737","targetHints":{"allow":["GET"]}}],"collection":[{"href":"https:\/\/www.europesays.com\/pt\/wp-json\/wp\/v2\/posts"}],"about":[{"href":"https:\/\/www.europesays.com\/pt\/wp-json\/wp\/v2\/types\/post"}],"author":[{"embeddable":true,"href":"https:\/\/www.europesays.com\/pt\/wp-json\/wp\/v2\/users\/2"}],"replies":[{"embeddable":true,"href":"https:\/\/www.europesays.com\/pt\/wp-json\/wp\/v2\/comments?post=159737"}],"version-history":[{"count":0,"href":"https:\/\/www.europesays.com\/pt\/wp-json\/wp\/v2\/posts\/159737\/revisions"}],"wp:featuredmedia":[{"embeddable":true,"href":"https:\/\/www.europesays.com\/pt\/wp-json\/wp\/v2\/media\/159738"}],"wp:attachment":[{"href":"https:\/\/www.europesays.com\/pt\/wp-json\/wp\/v2\/media?parent=159737"}],"wp:term":[{"taxonomy":"category","embeddable":true,"href":"https:\/\/www.europesays.com\/pt\/wp-json\/wp\/v2\/categories?post=159737"},{"taxonomy":"post_tag","embeddable":true,"href":"https:\/\/www.europesays.com\/pt\/wp-json\/wp\/v2\/tags?post=159737"}],"curies":[{"name":"wp","href":"https:\/\/api.w.org\/{rel}","templated":true}]}}