{"id":159739,"date":"2025-11-21T08:59:12","date_gmt":"2025-11-21T08:59:12","guid":{"rendered":"https:\/\/www.europesays.com\/pt\/159739\/"},"modified":"2025-11-21T08:59:12","modified_gmt":"2025-11-21T08:59:12","slug":"operacao-influencer-mais-de-20-escutas-omitidas-pelo-dciap","status":"publish","type":"post","link":"https:\/\/www.europesays.com\/pt\/159739\/","title":{"rendered":"Opera\u00e7\u00e3o Influencer. Mais de 20 escutas omitidas pelo DCIAP"},"content":{"rendered":"<p>                Mais de duas dezenas de escutas com o ex-primeiro-ministro como interlocutor, entre 2020 e 2022, foram apresentadas apresentadas ao Supremo Tribunal de Justi\u00e7a para valida\u00e7\u00e3o apenas em outubro.<\/p>\n<p>No total, 22 conversas entre tr\u00eas dos principais protagonistas da Opera\u00e7\u00e3o Influencer: os arguidos Jo\u00e3o Galamba e Diogo Lacerda Machado, bem como Jo\u00e3o Pedro Matos Fernandes, ex-ministro do Ambiente, e Ant\u00f3nio Costa.<\/p>\n<p>Os advogados de defesa foram na tarde desta quinta-feira notificados da decis\u00e3o do Tribunal que considera &#8220;esgotado o poder jurisdicional&#8221;, tendo em conta o tempo decorrido.&#13;\n            <\/p>\n","protected":false},"excerpt":{"rendered":"Mais de duas dezenas de escutas com o ex-primeiro-ministro como interlocutor, entre 2020 e 2022, foram apresentadas apresentadas&hellip;\n","protected":false},"author":2,"featured_media":159740,"comment_status":"","ping_status":"","sticky":false,"template":"","format":"standard","meta":{"footnotes":""},"categories":[10],"tags":[27,28,15,16,14,25,26,21,22,12,13,19,20,32,23,24,33,420,421,17,18,29,30,31],"class_list":{"0":"post-159739","1":"post","2":"type-post","3":"status-publish","4":"format-standard","5":"has-post-thumbnail","7":"category-portugal","8":"tag-breaking-news","9":"tag-breakingnews","10":"tag-featured-news","11":"tag-featurednews","12":"tag-headlines","13":"tag-latest-news","14":"tag-latestnews","15":"tag-main-news","16":"tag-mainnews","17":"tag-news","18":"tag-noticias","19":"tag-noticias-principais","20":"tag-noticiasprincipais","21":"tag-portugal","22":"tag-principais-noticias","23":"tag-principaisnoticias","24":"tag-pt","25":"tag-rtp","26":"tag-rtp-noticias","27":"tag-top-stories","28":"tag-topstories","29":"tag-ultimas","30":"tag-ultimas-noticias","31":"tag-ultimasnoticias"},"share_on_mastodon":{"url":"https:\/\/pubeurope.com\/@pt\/115586869840799897","error":""},"_links":{"self":[{"href":"https:\/\/www.europesays.com\/pt\/wp-json\/wp\/v2\/posts\/159739","targetHints":{"allow":["GET"]}}],"collection":[{"href":"https:\/\/www.europesays.com\/pt\/wp-json\/wp\/v2\/posts"}],"about":[{"href":"https:\/\/www.europesays.com\/pt\/wp-json\/wp\/v2\/types\/post"}],"author":[{"embeddable":true,"href":"https:\/\/www.europesays.com\/pt\/wp-json\/wp\/v2\/users\/2"}],"replies":[{"embeddable":true,"href":"https:\/\/www.europesays.com\/pt\/wp-json\/wp\/v2\/comments?post=159739"}],"version-history":[{"count":0,"href":"https:\/\/www.europesays.com\/pt\/wp-json\/wp\/v2\/posts\/159739\/revisions"}],"wp:featuredmedia":[{"embeddable":true,"href":"https:\/\/www.europesays.com\/pt\/wp-json\/wp\/v2\/media\/159740"}],"wp:attachment":[{"href":"https:\/\/www.europesays.com\/pt\/wp-json\/wp\/v2\/media?parent=159739"}],"wp:term":[{"taxonomy":"category","embeddable":true,"href":"https:\/\/www.europesays.com\/pt\/wp-json\/wp\/v2\/categories?post=159739"},{"taxonomy":"post_tag","embeddable":true,"href":"https:\/\/www.europesays.com\/pt\/wp-json\/wp\/v2\/tags?post=159739"}],"curies":[{"name":"wp","href":"https:\/\/api.w.org\/{rel}","templated":true}]}}