{"id":159743,"date":"2025-11-21T09:02:11","date_gmt":"2025-11-21T09:02:11","guid":{"rendered":"https:\/\/www.europesays.com\/pt\/159743\/"},"modified":"2025-11-21T09:02:11","modified_gmt":"2025-11-21T09:02:11","slug":"nuno-markl-hospitalizado-apos-sofrer-avc-2","status":"publish","type":"post","link":"https:\/\/www.europesays.com\/pt\/159743\/","title":{"rendered":"Nuno Markl hospitalizado ap\u00f3s sofrer AVC"},"content":{"rendered":"<p id=\"s-p-embed-691\" data-start=\"260\" data-end=\"579\" data-is-last-node=\"\" data-is-only-node=\"\">Nuno Markl deu entrada no Hospital de S\u00e3o Francisco Xavier esta quinta-feira, 20 de novembro, ap\u00f3s ter sofrido um acidente vascular cerebral, avan\u00e7a o Correio da Manh\u00e3.<\/p>\n<p>At\u00e9 ao momento, n\u00e3o foram divulgados detalhes adicionais sobre o estado cl\u00ednico do humorista de 54 anos. Markl \u00e9 uma das vozes das manh\u00e3s da R\u00e1dio Comercial e integra ainda a dupla de apresentadores do programa Taskmaster, da RTP1. As grava\u00e7\u00f5es da nova temporada do formato terminaram na quarta-feira, 19 de novembro.<\/p>\n","protected":false},"excerpt":{"rendered":"Nuno Markl deu entrada no Hospital de S\u00e3o Francisco Xavier esta quinta-feira, 20 de novembro, ap\u00f3s ter sofrido&hellip;\n","protected":false},"author":2,"featured_media":159744,"comment_status":"","ping_status":"","sticky":false,"template":"","format":"standard","meta":{"footnotes":""},"categories":[145],"tags":[211,210,114,115,32,33],"class_list":{"0":"post-159743","1":"post","2":"type-post","3":"status-publish","4":"format-standard","5":"has-post-thumbnail","7":"category-celebridades","8":"tag-celebridades","9":"tag-celebrities","10":"tag-entertainment","11":"tag-entretenimento","12":"tag-portugal","13":"tag-pt"},"share_on_mastodon":{"url":"https:\/\/pubeurope.com\/@pt\/115586881500551914","error":""},"_links":{"self":[{"href":"https:\/\/www.europesays.com\/pt\/wp-json\/wp\/v2\/posts\/159743","targetHints":{"allow":["GET"]}}],"collection":[{"href":"https:\/\/www.europesays.com\/pt\/wp-json\/wp\/v2\/posts"}],"about":[{"href":"https:\/\/www.europesays.com\/pt\/wp-json\/wp\/v2\/types\/post"}],"author":[{"embeddable":true,"href":"https:\/\/www.europesays.com\/pt\/wp-json\/wp\/v2\/users\/2"}],"replies":[{"embeddable":true,"href":"https:\/\/www.europesays.com\/pt\/wp-json\/wp\/v2\/comments?post=159743"}],"version-history":[{"count":0,"href":"https:\/\/www.europesays.com\/pt\/wp-json\/wp\/v2\/posts\/159743\/revisions"}],"wp:featuredmedia":[{"embeddable":true,"href":"https:\/\/www.europesays.com\/pt\/wp-json\/wp\/v2\/media\/159744"}],"wp:attachment":[{"href":"https:\/\/www.europesays.com\/pt\/wp-json\/wp\/v2\/media?parent=159743"}],"wp:term":[{"taxonomy":"category","embeddable":true,"href":"https:\/\/www.europesays.com\/pt\/wp-json\/wp\/v2\/categories?post=159743"},{"taxonomy":"post_tag","embeddable":true,"href":"https:\/\/www.europesays.com\/pt\/wp-json\/wp\/v2\/tags?post=159743"}],"curies":[{"name":"wp","href":"https:\/\/api.w.org\/{rel}","templated":true}]}}