{"id":159745,"date":"2025-11-21T09:05:07","date_gmt":"2025-11-21T09:05:07","guid":{"rendered":"https:\/\/www.europesays.com\/pt\/159745\/"},"modified":"2025-11-21T09:05:07","modified_gmt":"2025-11-21T09:05:07","slug":"casa-toda-contra-dylan-bruno-bruna-e-ines-alarmes-soaram-e-instala-se-o-caos-estao-a-atacar-em-alcateia-tvi","status":"publish","type":"post","link":"https:\/\/www.europesays.com\/pt\/159745\/","title":{"rendered":"Casa toda contra Dylan, Bruno, Bruna e In\u00eas? Alarmes soaram e instala-se o caos: \u00abEst\u00e3o a atacar em alcateia\u00bb &#8211; TVI"},"content":{"rendered":"<ol>\n<li><a href=\"https:\/\/news.google.com\/rss\/articles\/CBMi-gFBVV95cUxPeDJCMWpjNUYtVm9DTHQyWVdYbkxHTVVQT0JKYUtqeEtMWnVBc0dfdEhIQVRoMDdWSFZCUmxCb2VjMVRFQkZFdjdiejVMQlpfUElDNFVISktvZURtMmduV2NnWWo3STZCTjIzR0tJZ1lzMU5IMWlMSDZFY3dsalBFVTlZNkZ3R2NhdWN4eG4waVR4TXZiM3pRU1BNd3c2WjctRzE0Tjc3dWx1TU9zc2dhcE0ycUR4UUFqdnVRaXh6Nm1HRndJWDA0c1MxTlFPbktjdVNTRkVscnBkLWtwTEwzOTkxeThxRkNfak5mdDM5NzNwc216ZzNwR2dR?oc=5\" target=\"_blank\" rel=\"nofollow noopener\">Casa toda contra Dylan, Bruno, Bruna e In\u00eas? Alarmes soaram e instala-se o caos: \u00abEst\u00e3o a atacar em alcateia\u00bb<\/a>&nbsp;&nbsp;TVI<\/li>\n<li><a href=\"https:\/\/news.google.com\/rss\/articles\/CBMiyAFBVV95cUxNaVlOdGU4UG1wc3VfX1lLRnpldGx3Y3ZzWDlYeU0taTFOVzVqbFlFSXNWenBCYk9FZkJfazc3RzQ3OXBIWHBjU3BDSHFoandhdGtpSTF4ZnZKem9oYTI3eVFiVDlxWVljcGV5dE5wRlI3MEp0S3VYLWZuNEtIekJyRE1wOVAzelAyMERjam1oNkoxWTQzNHh6VVNhSVpXemM3c1RHMGVlMGhGdzFnRU1iT2tEdmh3UEVMUE5TMGZ1dlI3X1ZjSE9aNg?oc=5\" target=\"_blank\" rel=\"nofollow noopener\">\u00abEst\u00e1 com a m\u00e3o nas maminhas?\u00bb: Marisa e Pedro trocam carinhos marotos<\/a>&nbsp;&nbsp;TVI<\/li>\n<li><a href=\"https:\/\/news.google.com\/rss\/articles\/CBMivgFBVV95cUxPVFo2dVotNjBQMTU4OGhyT3BLaTkxUWJzUXU2Smk0eE9OUXhKa2JWd1JEX3pUM2FDUXJ2UTVPZ2RUTTVoRENucWFESnA1LVF6LVE4YWNXRzJRRWplRzBwZlpfWER4am5ORUNkNE15bE1iSG45d0R2WFl1cDZCMUlWdl9YbmdzcWR3OGJkU0pDZkd6SXcxZV84c0FNai1fTE9VLWg2d0M5WUxlak1ydUVibmx3T1pHSXNGdnlZb0FB?oc=5\" target=\"_blank\" rel=\"nofollow noopener\">Pedro imita Marisa Susana e a rea\u00e7\u00e3o de Marisa \u00e9 impag\u00e1vel<\/a>&nbsp;&nbsp;TVI<\/li>\n<li><a href=\"https:\/\/news.google.com\/rss\/articles\/CBMi4gFBVV95cUxOUU03QUZaSk1WYnFZS0RaM3VEMXVqcVg2V1VoMGRWWFNWc1ppZVpwY0pIeURtS0RUcVhHT1hLMTRvd0VhWnRLRmtPZVAySExFYU9oSDBRMWRVajFsX3hEMC1uOFdXMnpaZVVwY3ZnSGRTelhseUtSSUtPM1VWMUpMeHVfYlMwVV95alBvUFFXbnlfbzdNUWtVaUxFZElEdEoyMDFDd0dzeDljUmNGXy1FM0ktdUNDdEhrakJYVFNkSEtJNlAyRjBzajBFOVgzQVJEUE5oOHEwOVo0VGlxakFDWjZB?oc=5\" target=\"_blank\" rel=\"nofollow noopener\">Leandro e Marisa Susana cada vez mais perto do segredo do casal: \u00abT\u00eam aquela intimidade\u00bb<\/a>&nbsp;&nbsp;TVI<\/li>\n<li><a href=\"https:\/\/news.google.com\/rss\/articles\/CBMi0gFBVV95cUxQOHVldGFmM0dPbHpYdUMyOGpueHdmQ3Ywbmh0V25SYVZCelZ4QzZFbUNYVlFBV2VMemdtUWxKcVZKMlo1MklCS1hKLUpCM1ZkVENkY3ktZ0cxT01JeWtoRUYwdFRLT09oZnN5WExUUkh1QnB5UGRsLXZqTFpQTEZVNUxWbm43aGplM3dHcm9JOVlLVnp3VDcyQk83UGgyRThhdTJmSjVnc1FsVmwwZWg4aEprRkVadjhvdk1JNFhjTk1hLVVSMnpEVVBGbVpVOTNIbmc?oc=5\" target=\"_blank\" rel=\"nofollow noopener\">Acertou? Leandro volta a apertar o bot\u00e3o dos segredos sobre Marisa e Pedro<\/a>&nbsp;&nbsp;TVI<\/li>\n<\/ol>\n","protected":false},"excerpt":{"rendered":"Casa toda contra Dylan, Bruno, Bruna e In\u00eas? Alarmes soaram e instala-se o caos: \u00abEst\u00e3o a atacar em&hellip;\n","protected":false},"author":2,"featured_media":156794,"comment_status":"","ping_status":"","sticky":false,"template":"","format":"standard","meta":{"footnotes":""},"categories":[142],"tags":[114,115,32,33,151],"class_list":{"0":"post-159745","1":"post","2":"type-post","3":"status-publish","4":"format-standard","5":"has-post-thumbnail","7":"category-tv","8":"tag-entertainment","9":"tag-entretenimento","10":"tag-portugal","11":"tag-pt","12":"tag-tv"},"share_on_mastodon":{"url":"https:\/\/pubeurope.com\/@pt\/115586893299006748","error":""},"_links":{"self":[{"href":"https:\/\/www.europesays.com\/pt\/wp-json\/wp\/v2\/posts\/159745","targetHints":{"allow":["GET"]}}],"collection":[{"href":"https:\/\/www.europesays.com\/pt\/wp-json\/wp\/v2\/posts"}],"about":[{"href":"https:\/\/www.europesays.com\/pt\/wp-json\/wp\/v2\/types\/post"}],"author":[{"embeddable":true,"href":"https:\/\/www.europesays.com\/pt\/wp-json\/wp\/v2\/users\/2"}],"replies":[{"embeddable":true,"href":"https:\/\/www.europesays.com\/pt\/wp-json\/wp\/v2\/comments?post=159745"}],"version-history":[{"count":0,"href":"https:\/\/www.europesays.com\/pt\/wp-json\/wp\/v2\/posts\/159745\/revisions"}],"wp:featuredmedia":[{"embeddable":true,"href":"https:\/\/www.europesays.com\/pt\/wp-json\/wp\/v2\/media\/156794"}],"wp:attachment":[{"href":"https:\/\/www.europesays.com\/pt\/wp-json\/wp\/v2\/media?parent=159745"}],"wp:term":[{"taxonomy":"category","embeddable":true,"href":"https:\/\/www.europesays.com\/pt\/wp-json\/wp\/v2\/categories?post=159745"},{"taxonomy":"post_tag","embeddable":true,"href":"https:\/\/www.europesays.com\/pt\/wp-json\/wp\/v2\/tags?post=159745"}],"curies":[{"name":"wp","href":"https:\/\/api.w.org\/{rel}","templated":true}]}}