{"id":159750,"date":"2025-11-21T09:14:09","date_gmt":"2025-11-21T09:14:09","guid":{"rendered":"https:\/\/www.europesays.com\/pt\/159750\/"},"modified":"2025-11-21T09:14:09","modified_gmt":"2025-11-21T09:14:09","slug":"incendio-em-predio-em-mira-sintra-faz-um-morto","status":"publish","type":"post","link":"https:\/\/www.europesays.com\/pt\/159750\/","title":{"rendered":"Inc\u00eandio em pr\u00e9dio em Mira-Sintra faz um morto"},"content":{"rendered":"<p>\t                Pr\u00e9dio foi evacuado e cinco pessoas tiveram de ser levadas para o hospital<\/p>\n<p>Uma pessoa est\u00e1 desaparecida e 23 ficaram feridas num inc\u00eandio que deflagrou esta sexta-feira de madrugada num oitavo andar de um pr\u00e9dio em Mira-Sintra, no distrito de Lisboa, disse \u00e0 Lusa fonte da prote\u00e7\u00e3o civil, pelas 06:30.<\/p>\n<p>\u201cO inc\u00eandio deflagrou no oitavo andar de um pr\u00e9dio de nove andares. O fogo j\u00e1 foi extinto e est\u00e3o a decorrer buscas para encontrar uma pessoa que est\u00e1 desaparecida. O fogo causou tamb\u00e9m 23 feridos, dois dos quais agentes da PSP, tendo cinco sido transportados ao hospital. Todos por inala\u00e7\u00e3o de fumos\u201d, disse a fonte do Comando Sub-Regional da Grande Lisboa.<\/p>\n<p>A pessoa que estava desaparecida no inc\u00eandio foi encontrada morta. Trata-se de um homem de 76 anos que vivia no apartamento onde come\u00e7ou o inc\u00eandio.<\/p>\n<p>No local do inc\u00eandio, o comandante dos bombeiros de Agualva-Cac\u00e9m, Jo\u00e3o Raminhos, explicou que foram &#8220;retiradas do edif\u00edcio 23 pessoas,\u00a0cinco transportadas para o Amadora-Sintra e sete assistidas no local&#8221;.<\/p>\n<p>O alerta para o inc\u00eandio, que ficou confinado ao 8.\u00ba andar, foi dado \u00e0s 03:53, estando \u00e0s 06:30 no local 32 operacionais dos bombeiros do Cac\u00e9m, Queluz e Algueir\u00e3o, Instituto Nacional de Emerg\u00eancia M\u00e9dica e PSP, com o apoio de 14 meios.<\/p>\n<p>A Pol\u00edcia Judici\u00e1ria (PJ) j\u00e1 foi acionada para o local.<\/p>\n","protected":false},"excerpt":{"rendered":"Pr\u00e9dio foi evacuado e cinco pessoas tiveram de ser levadas para o hospital Uma pessoa est\u00e1 desaparecida e&hellip;\n","protected":false},"author":2,"featured_media":159751,"comment_status":"","ping_status":"","sticky":false,"template":"","format":"standard","meta":{"footnotes":""},"categories":[10],"tags":[609,611,27,28,607,608,604,6939,610,539,15,16,2237,14,625,603,25,26,797,570,21,22,606,34041,12,13,19,20,602,32,23,24,33,58,605,17,18,29,30,31],"class_list":{"0":"post-159750","1":"post","2":"type-post","3":"status-publish","4":"format-standard","5":"has-post-thumbnail","7":"category-portugal","8":"tag-alerta","9":"tag-ao-minuto","10":"tag-breaking-news","11":"tag-breakingnews","12":"tag-cnn","13":"tag-cnn-portugal","14":"tag-crime","15":"tag-desaparecido","16":"tag-direto","17":"tag-educacao","18":"tag-featured-news","19":"tag-featurednews","20":"tag-feridos","21":"tag-headlines","22":"tag-incendio","23":"tag-justica","24":"tag-latest-news","25":"tag-latestnews","26":"tag-lisboa","27":"tag-live","28":"tag-main-news","29":"tag-mainnews","30":"tag-meteorologia","31":"tag-mira-sintra","32":"tag-news","33":"tag-noticias","34":"tag-noticias-principais","35":"tag-noticiasprincipais","36":"tag-pais","37":"tag-portugal","38":"tag-principais-noticias","39":"tag-principaisnoticias","40":"tag-pt","41":"tag-sociedade","42":"tag-tempo","43":"tag-top-stories","44":"tag-topstories","45":"tag-ultimas","46":"tag-ultimas-noticias","47":"tag-ultimasnoticias"},"share_on_mastodon":{"url":"","error":"Validation failed: Text character limit of 500 exceeded"},"_links":{"self":[{"href":"https:\/\/www.europesays.com\/pt\/wp-json\/wp\/v2\/posts\/159750","targetHints":{"allow":["GET"]}}],"collection":[{"href":"https:\/\/www.europesays.com\/pt\/wp-json\/wp\/v2\/posts"}],"about":[{"href":"https:\/\/www.europesays.com\/pt\/wp-json\/wp\/v2\/types\/post"}],"author":[{"embeddable":true,"href":"https:\/\/www.europesays.com\/pt\/wp-json\/wp\/v2\/users\/2"}],"replies":[{"embeddable":true,"href":"https:\/\/www.europesays.com\/pt\/wp-json\/wp\/v2\/comments?post=159750"}],"version-history":[{"count":0,"href":"https:\/\/www.europesays.com\/pt\/wp-json\/wp\/v2\/posts\/159750\/revisions"}],"wp:featuredmedia":[{"embeddable":true,"href":"https:\/\/www.europesays.com\/pt\/wp-json\/wp\/v2\/media\/159751"}],"wp:attachment":[{"href":"https:\/\/www.europesays.com\/pt\/wp-json\/wp\/v2\/media?parent=159750"}],"wp:term":[{"taxonomy":"category","embeddable":true,"href":"https:\/\/www.europesays.com\/pt\/wp-json\/wp\/v2\/categories?post=159750"},{"taxonomy":"post_tag","embeddable":true,"href":"https:\/\/www.europesays.com\/pt\/wp-json\/wp\/v2\/tags?post=159750"}],"curies":[{"name":"wp","href":"https:\/\/api.w.org\/{rel}","templated":true}]}}